{"id":21208,"date":"2012-02-08T09:40:55","date_gmt":"2012-02-08T12:40:55","guid":{"rendered":"http:\/\/www.elsindical.com.ar\/notas\/?p=21208"},"modified":"2012-02-08T09:40:55","modified_gmt":"2012-02-08T12:40:55","slug":"atacan-a-ex-legisladora-y-sus-mascotas-con-una-cadena","status":"publish","type":"post","link":"https:\/\/www.elsindical.com.ar\/notas\/atacan-a-ex-legisladora-y-sus-mascotas-con-una-cadena\/","title":{"rendered":"Atacan a ex legisladora y sus mascotas con una cadena"},"content":{"rendered":"<p style=\"text-align: justify;\"><em><a href=\"http:\/\/www.elsindical.com.ar\/notas\/var\/www\/html\/notas\/wp-content\/uploads\/2012\/02\/Fernanda-Gil-Lozano-gesto.jpg\"><img loading=\"lazy\" decoding=\"async\" class=\"alignleft size-medium wp-image-21209\" title=\"Fernanda-Gil-Lozano-gesto\" src=\"http:\/\/www.elsindical.com.ar\/notas\/var\/www\/html\/notas\/wp-content\/uploads\/2012\/02\/Fernanda-Gil-Lozano-gesto-134x300.jpg\" alt=\"\" width=\"134\" height=\"300\" \/><\/a>Se trata de <strong>Fernanda Gil Lozano<\/strong>. En di\u00e1logo con <strong>Radio 10<\/strong> revel\u00f3 adem\u00e1s que fue <strong>amenazada de muerte<\/strong>. La ex legisladora identific\u00f3 al agresor pero no a su c\u00f3mplice, quien <strong>golpe\u00f3 brutalmente a sus mascotas<\/strong>.<\/em><\/p>\n<p style=\"text-align: justify;\">La ex legisladora nacional por la Coalici\u00f3n C\u00edvica, <strong>Fernanda Gil Lozano<\/strong>, denunci\u00f3 esta ma\u00f1ana haber sido,<strong> por tercera vez<\/strong>, v\u00edctima de <strong>agresiones y amenazas<\/strong> y las vincul\u00f3 a su activa participaci\u00f3n en la lucha contra la trata de personas y la violencia de g\u00e9nero.<\/p>\n<p style=\"text-align: justify;\">La mujer fue agredida el lunes por la ma\u00f1ana cuando se encontraba en una plaza del barrio porte\u00f1o de Palermo, cerca de su domicilio, paseando a sus perros. <strong>\u00abFue una cosa muy sorpresiva que a\u00fan no puedo terminar de entender\u00bb<\/strong>, asegur\u00f3 en di\u00e1logo con <strong>Radio 10<\/strong>.<\/p>\n<p style=\"text-align: justify;\">Gil Lozano se\u00f1al\u00f3 a un vecino suyo, al que identific\u00f3 como Sergio Newman. Record\u00f3 que el d\u00eda de la madre del a\u00f1o pasado fue el primer episodio. \u00abYo estaba con mis perros en la plaza y los golpe\u00f3 con una cadena porque fueron a oler a sus perros\u00bb, cont\u00f3. \u00abEn\u00a0 ese momento me acerqu\u00e9 y le dije: con el perro no te met\u00e1s, pero me peg\u00f3 a m\u00ed con la cadena. Me sac\u00f3 un dedo de lugar y me fui llorando a hacer la denuncia en la comisar\u00eda\u00bb, a\u00f1adi\u00f3.<\/p>\n<p style=\"text-align: justify;\"><strong>La ex diputada de la CC explic\u00f3 que en enero de este a\u00f1o volvi\u00f3 a ser agredida por este sujeto y que los ataques se magnificaron este lunes. \u00abEstaba con mis perros y volvi\u00f3 a molestarme\u00bb, se\u00f1al\u00f3 y cont\u00f3 que por precauci\u00f3n tiene \u00abgas pimienta y un cuchillo tramontana\u00bb en la cartera. \u00abA m\u00ed no me pega m\u00e1s\u00bb, asever\u00f3.\u00a0\u00a0 <\/strong><\/p>\n<p style=\"text-align: justify;\">\u00abCuando saco el cuchillo \u00e9l retrocede -cont\u00f3- pero en ese momento aparece otra persona de la nada, que nunca vi en mi vida, y comienza a pegarle a mis perros. Era un tipo joven, corpulento, de 1.80 metros; comenz\u00f3 a patear a mis perros, que volaban por el aire\u00bb.<\/p>\n<p style=\"text-align: justify;\"><strong>Seg\u00fan relat\u00f3, la salv\u00f3 un hombre que estaba esperando el colectivo y escuch\u00f3 los \u00abgritos que pegaban los perros\u00bb. \u00abSon unos cobardes, cuando vino el se\u00f1or se fueron\u00bb, agreg\u00f3 la mujer que a\u00fan sigue consternada por la situaci\u00f3n.<\/strong><\/p>\n<p style=\"text-align: justify;\">Gil Lozano denunci\u00f3 que \u00abNewman es un tipo de la noche, que va a los prost\u00edbulos de la zona (sic)\u00bb y relacion\u00f3 las agresiones con su activa participaci\u00f3n en la lucha contra la trata de personas.<\/p>\n<p style=\"text-align: justify;\"><strong>\u00abYo lo que estoy buscando es la identidad del otro, porque esto fue un acto c\u00f3mplice, es muy grave. Adem\u00e1s, me amenazaron con que me iban a matar\u00bb, concluy\u00f3 la ex legisladora, quien ya inici\u00f3 acciones legales contra estas personas. <\/strong><\/p>\n","protected":false},"excerpt":{"rendered":"<p>Se trata de Fernanda Gil Lozano. En di\u00e1logo con Radio 10 revel\u00f3 adem\u00e1s que fue amenazada de muerte. La ex legisladora identific\u00f3 al agresor pero no a su c\u00f3mplice, quien golpe\u00f3 brutalmente a sus mascotas. La ex legisladora nacional por la Coalici\u00f3n C\u00edvica, Fernanda Gil Lozano, denunci\u00f3 esta ma\u00f1ana haber sido, por tercera vez, v\u00edctima&hellip;<\/p>\n","protected":false},"author":1,"featured_media":0,"comment_status":"open","ping_status":"open","sticky":false,"template":"","format":"standard","meta":{"footnotes":""},"categories":[6],"tags":[304,2192,175,10233,764,468,1328,10232,315,4380],"class_list":["post-21208","post","type-post","status-publish","format-standard","hentry","category-denuncias","tag-ataque","tag-cadena","tag-denuncia","tag-fernanda-gil-lozano","tag-legisladora","tag-perros","tag-prostibulos","tag-sergio-newman","tag-trata-de-personas","tag-vecino"],"_links":{"self":[{"href":"https:\/\/www.elsindical.com.ar\/notas\/wp-json\/wp\/v2\/posts\/21208","targetHints":{"allow":["GET"]}}],"collection":[{"href":"https:\/\/www.elsindical.com.ar\/notas\/wp-json\/wp\/v2\/posts"}],"about":[{"href":"https:\/\/www.elsindical.com.ar\/notas\/wp-json\/wp\/v2\/types\/post"}],"author":[{"embeddable":true,"href":"https:\/\/www.elsindical.com.ar\/notas\/wp-json\/wp\/v2\/users\/1"}],"replies":[{"embeddable":true,"href":"https:\/\/www.elsindical.com.ar\/notas\/wp-json\/wp\/v2\/comments?post=21208"}],"version-history":[{"count":1,"href":"https:\/\/www.elsindical.com.ar\/notas\/wp-json\/wp\/v2\/posts\/21208\/revisions"}],"predecessor-version":[{"id":21210,"href":"https:\/\/www.elsindical.com.ar\/notas\/wp-json\/wp\/v2\/posts\/21208\/revisions\/21210"}],"wp:attachment":[{"href":"https:\/\/www.elsindical.com.ar\/notas\/wp-json\/wp\/v2\/media?parent=21208"}],"wp:term":[{"taxonomy":"category","embeddable":true,"href":"https:\/\/www.elsindical.com.ar\/notas\/wp-json\/wp\/v2\/categories?post=21208"},{"taxonomy":"post_tag","embeddable":true,"href":"https:\/\/www.elsindical.com.ar\/notas\/wp-json\/wp\/v2\/tags?post=21208"}],"curies":[{"name":"wp","href":"https:\/\/api.w.org\/{rel}","templated":true}]}}