{"id":21187,"date":"2012-02-07T12:52:05","date_gmt":"2012-02-07T15:52:05","guid":{"rendered":"http:\/\/www.elsindical.com.ar\/notas\/?p=21187"},"modified":"2012-02-07T12:52:05","modified_gmt":"2012-02-07T15:52:05","slug":"familiares-dan-a-conocer-el-identikit-del-presunto-autor-de-la-masacre-de-la-plata","status":"publish","type":"post","link":"https:\/\/www.elsindical.com.ar\/notas\/familiares-dan-a-conocer-el-identikit-del-presunto-autor-de-la-masacre-de-la-plata\/","title":{"rendered":"Familiares dan a conocer el identikit del presunto autor de la masacre de La Plata"},"content":{"rendered":"<p style=\"text-align: justify;\"><em><a href=\"http:\/\/www.elsindical.com.ar\/notas\/var\/www\/html\/notas\/wp-content\/uploads\/2012\/02\/identikit-asesino-masacre-La-Plata.jpg\"><img loading=\"lazy\" decoding=\"async\" class=\"alignleft size-medium wp-image-21188\" title=\"identikit-asesino-masacre-La-Plata\" src=\"http:\/\/www.elsindical.com.ar\/notas\/var\/www\/html\/notas\/wp-content\/uploads\/2012\/02\/identikit-asesino-masacre-La-Plata-300x268.jpg\" alt=\"\" width=\"300\" height=\"268\" srcset=\"https:\/\/www.elsindical.com.ar\/notas\/var\/www\/html\/notas\/wp-content\/uploads\/2012\/02\/identikit-asesino-masacre-La-Plata-300x268.jpg 300w, https:\/\/www.elsindical.com.ar\/notas\/var\/www\/html\/notas\/wp-content\/uploads\/2012\/02\/identikit-asesino-masacre-La-Plata.jpg 413w\" sizes=\"auto, (max-width: 300px) 100vw, 300px\" \/><\/a>El mismo fue confeccionado por los datos confeccionados por una testigo de identidad reservada y est\u00e1 incorporado a la causa que tiene a su cargo el Fiscal de instrucci\u00f3n platense Alvaro Garganta. Forma parte de \u00abuna de las tantas l\u00edneas investigativas\u00bb.<\/em><\/p>\n<p style=\"text-align: justify;\">El identikit fue confeccionado a partir de los datos aportados por una testigo de identidad reserva que dijo haber presenciado una discusi\u00f3n que mantuvieron dos hombres y que se adjudicaban la autor\u00eda del cu\u00e1druple crimen de Susana B\u00e1rtolle, su hija B\u00e1rbara Santos (29), su nieta Micaela Galle y su amiga Marisol Pereyra (35).<\/p>\n<p style=\"text-align: justify;\">Se tratar\u00eda de un hombre de entre 35 y 38 a\u00f1os, de una altura aproximada de 1,68 metros, tez trigue\u00f1a y cabello negro.<\/p>\n<p style=\"text-align: justify;\">Los familiares dieron a conocer ese identikit durante una conferencia de prensa en la que tambi\u00e9n estuvieron presentes amigos de las v\u00edctimas y entidades que luchan contra la violencia de g\u00e9nero, las cuales exigieron a los investigadores que el caso no quede impune.<\/p>\n<p style=\"text-align: justify;\">\u00abB\u00e1sicamente, lo que pretendemos es terminar con la impunidad en los femicidios\u00bb, sostuvo el abogado Rodolfo Pereyra, quien participa de la organizaci\u00f3n \u00abConvivir en Solidaridad\u00bb y fue uno de los oradores.<\/p>\n<p style=\"text-align: justify;\">En el encuentro estuvieron Daniel Galle y Miguel Pereyra, los padres de Micaela (11) y Marisol (35), respectivamente.<\/p>\n<p style=\"text-align: justify;\">\u00a0Fuentes de la pesquisa aclararon que, si bien el identikit est\u00e1 incorporado a la causa, no se trata de la principal l\u00ednea de investigaci\u00f3n que se siguen actualmente.<\/p>\n<p style=\"text-align: justify;\">El cu\u00e1druple crimen fue descubierto el 27 de noviembre del a\u00f1o pasado, cuando los cuerpos de B\u00e1rbara, su madre Susana B\u00e1rtolle, su hija Micaela y su amiga Marisol fueron encontrados masacrados a golpes y cuchilladas en un departamento ubicado en la calle 28 entre 41 y 42 de La Loma.<\/p>\n<p style=\"text-align: justify;\">Por el crimen, la Justicia platense detuvo al d\u00eda siguiente al novio de B\u00e1rbara, el karateca Osvaldo Mart\u00ednez, a quien se lo acus\u00f3 de haber sido \u00abpart\u00edcipe necesario\u00bb de los homicidios.<\/p>\n<p style=\"text-align: justify;\">Sin embargo, unos d\u00edas despu\u00e9s fue liberado por falta de m\u00e9rito por la sala III de la C\u00e1mara de Apelaciones de La Plata.<\/p>\n","protected":false},"excerpt":{"rendered":"<p>El mismo fue confeccionado por los datos confeccionados por una testigo de identidad reservada y est\u00e1 incorporado a la causa que tiene a su cargo el Fiscal de instrucci\u00f3n platense Alvaro Garganta. Forma parte de \u00abuna de las tantas l\u00edneas investigativas\u00bb. El identikit fue confeccionado a partir de los datos aportados por una testigo de&hellip;<\/p>\n","protected":false},"author":1,"featured_media":0,"comment_status":"open","ping_status":"open","sticky":false,"template":"","format":"standard","meta":{"footnotes":""},"categories":[22],"tags":[1930,147,7111,239,859,1188],"class_list":["post-21187","post","type-post","status-publish","format-standard","hentry","category-policiales","tag-asesino","tag-familia","tag-identikit","tag-la-plata","tag-masacre","tag-testigo"],"_links":{"self":[{"href":"https:\/\/www.elsindical.com.ar\/notas\/wp-json\/wp\/v2\/posts\/21187","targetHints":{"allow":["GET"]}}],"collection":[{"href":"https:\/\/www.elsindical.com.ar\/notas\/wp-json\/wp\/v2\/posts"}],"about":[{"href":"https:\/\/www.elsindical.com.ar\/notas\/wp-json\/wp\/v2\/types\/post"}],"author":[{"embeddable":true,"href":"https:\/\/www.elsindical.com.ar\/notas\/wp-json\/wp\/v2\/users\/1"}],"replies":[{"embeddable":true,"href":"https:\/\/www.elsindical.com.ar\/notas\/wp-json\/wp\/v2\/comments?post=21187"}],"version-history":[{"count":2,"href":"https:\/\/www.elsindical.com.ar\/notas\/wp-json\/wp\/v2\/posts\/21187\/revisions"}],"predecessor-version":[{"id":21191,"href":"https:\/\/www.elsindical.com.ar\/notas\/wp-json\/wp\/v2\/posts\/21187\/revisions\/21191"}],"wp:attachment":[{"href":"https:\/\/www.elsindical.com.ar\/notas\/wp-json\/wp\/v2\/media?parent=21187"}],"wp:term":[{"taxonomy":"category","embeddable":true,"href":"https:\/\/www.elsindical.com.ar\/notas\/wp-json\/wp\/v2\/categories?post=21187"},{"taxonomy":"post_tag","embeddable":true,"href":"https:\/\/www.elsindical.com.ar\/notas\/wp-json\/wp\/v2\/tags?post=21187"}],"curies":[{"name":"wp","href":"https:\/\/api.w.org\/{rel}","templated":true}]}}