{"id":21184,"date":"2012-02-07T11:43:55","date_gmt":"2012-02-07T14:43:55","guid":{"rendered":"http:\/\/www.elsindical.com.ar\/notas\/?p=21184"},"modified":"2012-02-07T11:43:55","modified_gmt":"2012-02-07T14:43:55","slug":"mar-del-plataviolento-asalto-a-una-familia","status":"publish","type":"post","link":"https:\/\/www.elsindical.com.ar\/notas\/mar-del-plataviolento-asalto-a-una-familia\/","title":{"rendered":"Mar del Plata:Violento asalto a una familia"},"content":{"rendered":"<p style=\"text-align: justify;\"><em><a href=\"http:\/\/www.elsindical.com.ar\/notas\/var\/www\/html\/notas\/wp-content\/uploads\/2011\/05\/apuntando-con-pistola3.jpg\"><img loading=\"lazy\" decoding=\"async\" class=\"alignleft size-full wp-image-14029\" title=\"apuntando con pistola3\" src=\"http:\/\/www.elsindical.com.ar\/notas\/var\/www\/html\/notas\/wp-content\/uploads\/2011\/05\/apuntando-con-pistola3.jpg\" alt=\"\" width=\"198\" height=\"198\" srcset=\"https:\/\/www.elsindical.com.ar\/notas\/var\/www\/html\/notas\/wp-content\/uploads\/2011\/05\/apuntando-con-pistola3.jpg 198w, https:\/\/www.elsindical.com.ar\/notas\/var\/www\/html\/notas\/wp-content\/uploads\/2011\/05\/apuntando-con-pistola3-150x150.jpg 150w\" sizes=\"auto, (max-width: 198px) 100vw, 198px\" \/><\/a>Al menos<strong> dos delincuentes<\/strong> ingresaron a un domicilio en Mar de Plata, <strong>golpearon <\/strong>al due\u00f1o de casa y<strong> amenazaron con<\/strong> <strong>una pistola<\/strong> en la panza de su mujer, que aguarda un hijo. Se llevaron<strong> 500 pesos y objetos de valor<\/strong>.<\/em><\/p>\n<p style=\"text-align: justify;\">Un angustiante momento vivi\u00f3 una familia marplatense durante un asalto ocurrido ayer a la tarde en una vivienda de Jovellanos 563, del barrio L\u00f3pez de Gomara, al norte de esa ciudad balnearia, donde los ladrones sorprendieron a H\u00e9ctor Nieto, de 61 a\u00f1os, mientras se encontraba conversando con el pintor.<\/p>\n<p style=\"text-align: justify;\">Los delincuentes golpearon ferozmente en la cabeza con una pistola 9 mil\u00edmetros al due\u00f1o de casa para exigirle dinero. Seg\u00fan fuentes policiales, se presume que el asalto fue al \u00abvoleo\u00bb, ya que lo vieron distra\u00eddo al hombre mientras dialogaba con el pintor y dentro del inmueble estaban su esposa y tres hijas, una de ellas embarazada, a punto de dar a luz. A esta \u00faltima, un ladr\u00f3n le gatill\u00f3 en el vientre sin que saliera el disparo.<\/p>\n<p style=\"text-align: justify;\">Los delincuentes escaparon con 500 pesos, una notebook y una c\u00e1mara de fotos, entre otros elementos. Nieto debi\u00f3 ser trasladado al hospital en auto particular porque la ambulancia nunca lleg\u00f3. Al arribar, en la guardia le dijeron que no hab\u00eda cirujano y que deb\u00eda esperar a que atendieran a las 20 personas que ten\u00eda adelante.<\/p>\n<p style=\"text-align: justify;\">Por ello, decidi\u00f3 retirarse con la cabeza lastimada y sin ninguna curaci\u00f3n, en direcci\u00f3n a otro centro de salud. Intervino en la instrucci\u00f3n judicial el Fiscal Mariano Moyano.<\/p>\n","protected":false},"excerpt":{"rendered":"<p>Al menos dos delincuentes ingresaron a un domicilio en Mar de Plata, golpearon al due\u00f1o de casa y amenazaron con una pistola en la panza de su mujer, que aguarda un hijo. Se llevaron 500 pesos y objetos de valor. Un angustiante momento vivi\u00f3 una familia marplatense durante un asalto ocurrido ayer a la tarde&hellip;<\/p>\n","protected":false},"author":1,"featured_media":0,"comment_status":"open","ping_status":"open","sticky":false,"template":"","format":"standard","meta":{"footnotes":""},"categories":[22],"tags":[236,147,1673,10222,4189,116,318],"class_list":["post-21184","post","type-post","status-publish","format-standard","hentry","category-policiales","tag-embarazada","tag-familia","tag-mar-del-plata","tag-panza","tag-pistola","tag-robo","tag-violencia"],"_links":{"self":[{"href":"https:\/\/www.elsindical.com.ar\/notas\/wp-json\/wp\/v2\/posts\/21184","targetHints":{"allow":["GET"]}}],"collection":[{"href":"https:\/\/www.elsindical.com.ar\/notas\/wp-json\/wp\/v2\/posts"}],"about":[{"href":"https:\/\/www.elsindical.com.ar\/notas\/wp-json\/wp\/v2\/types\/post"}],"author":[{"embeddable":true,"href":"https:\/\/www.elsindical.com.ar\/notas\/wp-json\/wp\/v2\/users\/1"}],"replies":[{"embeddable":true,"href":"https:\/\/www.elsindical.com.ar\/notas\/wp-json\/wp\/v2\/comments?post=21184"}],"version-history":[{"count":2,"href":"https:\/\/www.elsindical.com.ar\/notas\/wp-json\/wp\/v2\/posts\/21184\/revisions"}],"predecessor-version":[{"id":21186,"href":"https:\/\/www.elsindical.com.ar\/notas\/wp-json\/wp\/v2\/posts\/21184\/revisions\/21186"}],"wp:attachment":[{"href":"https:\/\/www.elsindical.com.ar\/notas\/wp-json\/wp\/v2\/media?parent=21184"}],"wp:term":[{"taxonomy":"category","embeddable":true,"href":"https:\/\/www.elsindical.com.ar\/notas\/wp-json\/wp\/v2\/categories?post=21184"},{"taxonomy":"post_tag","embeddable":true,"href":"https:\/\/www.elsindical.com.ar\/notas\/wp-json\/wp\/v2\/tags?post=21184"}],"curies":[{"name":"wp","href":"https:\/\/api.w.org\/{rel}","templated":true}]}}