{"id":2117,"date":"2009-12-02T10:35:02","date_gmt":"2009-12-02T13:35:02","guid":{"rendered":"http:\/\/www.elsindical.com.ar\/notas\/?p=2117"},"modified":"2009-12-02T10:35:02","modified_gmt":"2009-12-02T13:35:02","slug":"facebook-llega-a-350-millones-de-usuarios-y-anuncia-cambios","status":"publish","type":"post","link":"https:\/\/www.elsindical.com.ar\/notas\/facebook-llega-a-350-millones-de-usuarios-y-anuncia-cambios\/","title":{"rendered":"Facebook llega a 350 millones de usuarios y anuncia cambios"},"content":{"rendered":"<p style=\"text-align: justify;\"><span><strong><em><img loading=\"lazy\" decoding=\"async\" class=\"alignleft size-full wp-image-2119\" title=\"Facebook-ingreso\" src=\"http:\/\/www.elsindical.com.ar\/notas\/var\/www\/html\/notas\/wp-content\/uploads\/2009\/12\/Facebook-ingreso1.jpg\" alt=\"Facebook-ingreso\" width=\"283\" height=\"170\" \/>El fundador de la red social m\u00e1s popular del mundo, Mark Zuckerberg, envi\u00f3 una carta abierta a los usuarios en la que explica los planes pr\u00f3ximos de la compa\u00f1\u00eda en referencia a la privacidad.<\/em><\/strong><\/span><\/p>\n<p><span><\/p>\n<div id=\"spntxt\" style=\"text-align: justify; padding-left: 3px; padding-right: 5px;\">El fundador de la red social hace referencia a la privacidad de los usuarios, uno de los puntos m\u00e1s discutidos. Al respecto, Zuckerberg se\u00f1ala que, aunque Facebook \u00abgira en torno a las \u2019redes\u2019, es decir, comunidades vinculadas con tu centro de estudios, tu empresa o tu regi\u00f3n\u00bb, llegaron a la conclusi\u00f3n \u00abde que este formato no es el m\u00e1s conveniente para que los usuarios tengan el control de su privacidad\u00bb.<\/p>\n<p>Por tal motivo, comunica a sus usuarios que ahora pretenden \u00abeliminar totalmente las redes regionales y crear un modelo m\u00e1s simple para el control de la privacidad\u00bb.<\/p>\n<p>Estas medidas se concretar\u00e1n en la simplificaci\u00f3n de la p\u00e1gina de configuraci\u00f3n de la privacidad, de modo que cada usuario pueda establecer cu\u00e1l es la privacidad que m\u00e1s se adapta a sus necesidades.<br \/>\nAhora, el usuario podr\u00e1 controlar, uno por uno, qui\u00e9n ve los contenidos creados o cargados en Facebook.<\/p>\n<p>Con ese fin, en las pr\u00f3ximas semanas Facebook pedir\u00e1 a sus usuarios que \u201crevisen y actualicen\u201d la configuraci\u00f3n de privacidad. Para ello, \u201caparecer\u00e1 un mensaje que explicar\u00e1 los cambios y llevar\u00e1 a una p\u00e1gina donde se podr\u00e1 actualizar la configuraci\u00f3n\u201d. Esa configuraci\u00f3n podr\u00e1 volver a ser cambiada en cualquier momento.<\/p><\/div>\n<p><\/span><\/p>\n","protected":false},"excerpt":{"rendered":"<p>El fundador de la red social m\u00e1s popular del mundo, Mark Zuckerberg, envi\u00f3 una carta abierta a los usuarios en la que explica los planes pr\u00f3ximos de la compa\u00f1\u00eda en referencia a la privacidad. El fundador de la red social hace referencia a la privacidad de los usuarios, uno de los puntos m\u00e1s discutidos. Al&hellip;<\/p>\n","protected":false},"author":1,"featured_media":0,"comment_status":"open","ping_status":"open","sticky":false,"template":"","format":"standard","meta":{"footnotes":""},"categories":[29],"tags":[219,1100,1101,613,1102],"class_list":["post-2117","post","type-post","status-publish","format-standard","hentry","category-informatica","tag-facebook","tag-mark-zuckerberg","tag-red","tag-seguridad","tag-social"],"_links":{"self":[{"href":"https:\/\/www.elsindical.com.ar\/notas\/wp-json\/wp\/v2\/posts\/2117","targetHints":{"allow":["GET"]}}],"collection":[{"href":"https:\/\/www.elsindical.com.ar\/notas\/wp-json\/wp\/v2\/posts"}],"about":[{"href":"https:\/\/www.elsindical.com.ar\/notas\/wp-json\/wp\/v2\/types\/post"}],"author":[{"embeddable":true,"href":"https:\/\/www.elsindical.com.ar\/notas\/wp-json\/wp\/v2\/users\/1"}],"replies":[{"embeddable":true,"href":"https:\/\/www.elsindical.com.ar\/notas\/wp-json\/wp\/v2\/comments?post=2117"}],"version-history":[{"count":1,"href":"https:\/\/www.elsindical.com.ar\/notas\/wp-json\/wp\/v2\/posts\/2117\/revisions"}],"predecessor-version":[{"id":2120,"href":"https:\/\/www.elsindical.com.ar\/notas\/wp-json\/wp\/v2\/posts\/2117\/revisions\/2120"}],"wp:attachment":[{"href":"https:\/\/www.elsindical.com.ar\/notas\/wp-json\/wp\/v2\/media?parent=2117"}],"wp:term":[{"taxonomy":"category","embeddable":true,"href":"https:\/\/www.elsindical.com.ar\/notas\/wp-json\/wp\/v2\/categories?post=2117"},{"taxonomy":"post_tag","embeddable":true,"href":"https:\/\/www.elsindical.com.ar\/notas\/wp-json\/wp\/v2\/tags?post=2117"}],"curies":[{"name":"wp","href":"https:\/\/api.w.org\/{rel}","templated":true}]}}