{"id":21162,"date":"2012-02-07T00:14:27","date_gmt":"2012-02-07T03:14:27","guid":{"rendered":"http:\/\/www.elsindical.com.ar\/notas\/?p=21162"},"modified":"2012-02-07T00:14:27","modified_gmt":"2012-02-07T03:14:27","slug":"brasilpolicias-acuartelados-resisten-la-presion-militar-y-prometen-enfrentar-un-posible-desalojo","status":"publish","type":"post","link":"https:\/\/www.elsindical.com.ar\/notas\/brasilpolicias-acuartelados-resisten-la-presion-militar-y-prometen-enfrentar-un-posible-desalojo\/","title":{"rendered":"Brasil:Polic\u00edas acuartelados resisten la presi\u00f3n militar y prometen enfrentar un posible desalojo"},"content":{"rendered":"<p style=\"text-align: justify;\"><em><a href=\"http:\/\/www.elsindical.com.ar\/notas\/var\/www\/html\/notas\/wp-content\/uploads\/2012\/02\/polic\u00edas-y-militares-Bah\u00eda.jpg\"><img loading=\"lazy\" decoding=\"async\" class=\"alignleft size-medium wp-image-21163\" title=\"polic\u00edas-y-militares-Bah\u00eda\" src=\"http:\/\/www.elsindical.com.ar\/notas\/var\/www\/html\/notas\/wp-content\/uploads\/2012\/02\/polic\u00edas-y-militares-Bah\u00eda-300x225.jpg\" alt=\"\" width=\"300\" height=\"225\" srcset=\"https:\/\/www.elsindical.com.ar\/notas\/var\/www\/html\/notas\/wp-content\/uploads\/2012\/02\/polic\u00edas-y-militares-Bah\u00eda-300x225.jpg 300w, https:\/\/www.elsindical.com.ar\/notas\/var\/www\/html\/notas\/wp-content\/uploads\/2012\/02\/polic\u00edas-y-militares-Bah\u00eda.jpg 413w\" sizes=\"auto, (max-width: 300px) 100vw, 300px\" \/><\/a>Las tropas enviadas por<strong> Rousseff<\/strong> para contener la huelga de agentes lanzaron bombas lacrim\u00f3genas en las puertas del Congreso, donde <strong>4 mil <\/strong>polic\u00edas y familiares est\u00e1n <strong>atrincherados.<\/strong> Hay 91 muertos en seis d\u00edas.<\/em><\/p>\n<p style=\"text-align: justify;\">En medio de una gran tensi\u00f3n, 600 militares intentaron desalojar la Asamblea Legislativa en San Salvador, capital de ese estado brasile\u00f1o. <strong>La huelga de uniformados dej\u00f3 91 muertos.\u00a0<\/strong><\/p>\n<p style=\"text-align: justify;\">El l\u00edder de los huelguistas, Marcos Prisco, dijo que la decisi\u00f3n de los polic\u00edas es \u00abresistir\u00bb dentro del edificio y advirti\u00f3 que una ocupaci\u00f3n podr\u00eda terminar en \u00abcat\u00e1strofe\u00bb. Seg\u00fan el dirigente, en la Asamblea hay unas <strong>4 mil personas,<\/strong> porque los polic\u00edas est\u00e1n con sus familiares, incluyendo ni\u00f1os\u00bb.<\/p>\n<p style=\"text-align: justify;\">El Gobierno de Dilma Rousseff <strong>ya despleg\u00f3 4.000 efectivos<\/strong> del Ej\u00e9rcito, la Marina y la Fuerza Nacional de Seguridad para retomar el control de Bah\u00eda (nordeste), que vive una ola de violencia causada por la huelga policial, lo que consider\u00f3 como \u00abel mayor contingente\u00bb enviado hasta la fecha a una regi\u00f3n brasile\u00f1a para reforzar la seguridad. Ahora, estudia la posibilidad de enviar m\u00e1s tropas por la huelga que hoy complet\u00f3 seis d\u00edas, seg\u00fan dijo el ministro de Justicia, Jos\u00e9 Eduardo Cardozo. \u00abSi es necesario elevaremos el contingente para asegurar la paz y el orden p\u00fablico\u00bb, dijo Cardozo en una entrevista al canal Globonews.<\/p>\n<p style=\"text-align: justify;\">La decisi\u00f3n del refuerzo del contingente depende del general del Ej\u00e9rcito Gon\u00e7alves Dias, que dirige la operaci\u00f3n, seg\u00fan dijo el titular de la cartera de Justicia. Cardozo reconoci\u00f3 que los polic\u00edas tienen derecho a la huelga, pero avis\u00f3 que no tolerar\u00e1 \u00ababusos\u00bb como el uso de violencia, \u00ablos actos de vandalismo\u00bb o \u00abla diseminaci\u00f3n de informaciones que puedan causar p\u00e1nico\u00bb. \u00abLa reivindicaci\u00f3n es leg\u00edtima. La transgresi\u00f3n, el intento de intimidaci\u00f3n a la poblaci\u00f3n y el uso de armas pagadas por el pueblo para volverse contra el propio pueblo es intolerable\u00bb, agreg\u00f3 el ministro.<\/p>\n<p style=\"text-align: justify;\">El presidente de la Asamblea Legislativa estatal, Marcelo Nilo, hab\u00eda pedido a los manifestantes que <strong>desocuparan la sede antes de la medianoche del domingo<\/strong>, despu\u00e9s de que la Justicia declarara ilegal la protesta y expidiera 12 \u00f3rdenes de captura contra sus dirigentes, uno de los cuales ya fue detenido. \u00abLa Asamblea no puede ser usada como refugio para pr\u00f3fugos de la Justicia\u00bb, dijo en una declaraci\u00f3n divulgada por la gobernaci\u00f3n de Bah\u00eda.<\/p>\n<p style=\"text-align: justify;\">A ra\u00edz de la ocupaci\u00f3n, \u00abla Asamblea est\u00e1 funcionando de forma precaria. Hay hombres armados por los corredores y por las rampas\u00bb, explic\u00f3 Nilo.<\/p>\n<p style=\"text-align: justify;\">\u00abSon decenas de polic\u00edas armados que <strong>piden una amnist\u00eda<\/strong> y que ocuparon una parte del Congreso en Salvador desde el mi\u00e9rcoles, cuando iniciaron una huelga\u00bb para pedir mejoras salariales, dijo a la agenda <em>AFP<\/em> Robinson Almeida, vocero de la Secretar\u00eda de Gobierno de Bah\u00eda, el cuarto estado m\u00e1s poblado de Brasil.<\/p>\n<p style=\"text-align: justify;\">\u00abEl Gobierno sabe que el 99% de nosotros est\u00e1 armado. Si intentaran un desalojo, <strong>habr\u00eda un ba\u00f1o de sangre<\/strong>\u00ab, dijo uno de los polic\u00edas al diario <em>Folha de Sao Paulo<\/em> sin revelar su identidad.<\/p>\n<p style=\"text-align: justify;\">La huelga de los uniformados -que seg\u00fan la Secretar\u00eda de Seguridad P\u00fablica de Bah\u00eda involucra a un tercio de los 31 mil polic\u00edas- duplic\u00f3 el n\u00famero de homicidios y levant\u00f3 una ola de saqueos y asaltos a dos semanas del inicio del carnaval, que atrae a millones de turistas a este estado. Adem\u00e1s del indulto, los polic\u00edas militares en huelga exigen un <strong>aumento salarial del 50% y mejores condiciones laborales<\/strong>.<\/p>\n<p style=\"text-align: justify;\">El s\u00e1bado, el gobernador de Bah\u00eda, Jaques Wagner, rechaz\u00f3 el pedido de amnist\u00eda y atribuy\u00f3 a los uniformados en huelga la ola de violencia.<\/p>\n<p style=\"text-align: justify;\"><strong>La Embajada de Estados Unidos en Brasilia recomend\u00f3 a sus ciudadanos que eviten viajar a la regi\u00f3n mientras no se estabilice la situaci\u00f3n en la regi\u00f3n, que es uno de los principales destinos tur\u00edsticos de Brasil en esta \u00e9poca del a\u00f1o. <\/strong><\/p>\n<p style=\"text-align: justify;\">\n<div style=\"text-align: justify;\"><strong>Fuente:<\/strong> AFP<\/div>\n","protected":false},"excerpt":{"rendered":"<p>Las tropas enviadas por Rousseff para contener la huelga de agentes lanzaron bombas lacrim\u00f3genas en las puertas del Congreso, donde 4 mil polic\u00edas y familiares est\u00e1n atrincherados. Hay 91 muertos en seis d\u00edas. En medio de una gran tensi\u00f3n, 600 militares intentaron desalojar la Asamblea Legislativa en San Salvador, capital de ese estado brasile\u00f1o. La&hellip;<\/p>\n","protected":false},"author":1,"featured_media":0,"comment_status":"open","ping_status":"open","sticky":false,"template":"","format":"standard","meta":{"footnotes":""},"categories":[18],"tags":[10211,10185,95,4826,118,10212],"class_list":["post-21162","post","type-post","status-publish","format-standard","hentry","category-internacionales","tag-asamblea-legislativa","tag-bahia","tag-brasil","tag-dilma-rousseff","tag-policias","tag-san-salvador"],"_links":{"self":[{"href":"https:\/\/www.elsindical.com.ar\/notas\/wp-json\/wp\/v2\/posts\/21162","targetHints":{"allow":["GET"]}}],"collection":[{"href":"https:\/\/www.elsindical.com.ar\/notas\/wp-json\/wp\/v2\/posts"}],"about":[{"href":"https:\/\/www.elsindical.com.ar\/notas\/wp-json\/wp\/v2\/types\/post"}],"author":[{"embeddable":true,"href":"https:\/\/www.elsindical.com.ar\/notas\/wp-json\/wp\/v2\/users\/1"}],"replies":[{"embeddable":true,"href":"https:\/\/www.elsindical.com.ar\/notas\/wp-json\/wp\/v2\/comments?post=21162"}],"version-history":[{"count":2,"href":"https:\/\/www.elsindical.com.ar\/notas\/wp-json\/wp\/v2\/posts\/21162\/revisions"}],"predecessor-version":[{"id":21165,"href":"https:\/\/www.elsindical.com.ar\/notas\/wp-json\/wp\/v2\/posts\/21162\/revisions\/21165"}],"wp:attachment":[{"href":"https:\/\/www.elsindical.com.ar\/notas\/wp-json\/wp\/v2\/media?parent=21162"}],"wp:term":[{"taxonomy":"category","embeddable":true,"href":"https:\/\/www.elsindical.com.ar\/notas\/wp-json\/wp\/v2\/categories?post=21162"},{"taxonomy":"post_tag","embeddable":true,"href":"https:\/\/www.elsindical.com.ar\/notas\/wp-json\/wp\/v2\/tags?post=21162"}],"curies":[{"name":"wp","href":"https:\/\/api.w.org\/{rel}","templated":true}]}}