{"id":21119,"date":"2012-02-05T19:52:25","date_gmt":"2012-02-05T22:52:25","guid":{"rendered":"http:\/\/www.elsindical.com.ar\/notas\/?p=21119"},"modified":"2012-02-05T19:52:25","modified_gmt":"2012-02-05T22:52:25","slug":"avellanedacustodio-de-blindado-mata-a-su-amigo-en-wilde","status":"publish","type":"post","link":"https:\/\/www.elsindical.com.ar\/notas\/avellanedacustodio-de-blindado-mata-a-su-amigo-en-wilde\/","title":{"rendered":"Avellaneda:Custodio de blindado mata a su amigo en Wilde"},"content":{"rendered":"<p style=\"text-align: justify;\"><em><a href=\"http:\/\/www.elsindical.com.ar\/notas\/var\/www\/html\/notas\/wp-content\/uploads\/2012\/02\/vigilador-detenido-Wilde.jpg\"><img loading=\"lazy\" decoding=\"async\" class=\"alignleft size-medium wp-image-21120\" title=\"vigilador-detenido-Wilde\" src=\"http:\/\/www.elsindical.com.ar\/notas\/var\/www\/html\/notas\/wp-content\/uploads\/2012\/02\/vigilador-detenido-Wilde-300x193.jpg\" alt=\"\" width=\"300\" height=\"193\" srcset=\"https:\/\/www.elsindical.com.ar\/notas\/var\/www\/html\/notas\/wp-content\/uploads\/2012\/02\/vigilador-detenido-Wilde-300x193.jpg 300w, https:\/\/www.elsindical.com.ar\/notas\/var\/www\/html\/notas\/wp-content\/uploads\/2012\/02\/vigilador-detenido-Wilde.jpg 413w\" sizes=\"auto, (max-width: 300px) 100vw, 300px\" \/><\/a>El vigilador de un cami\u00f3n de caudales ejecut\u00f3 a su conocido luego de una acalorada reyerta, en la localidad bonaerense de Wilde<strong>.<\/strong><\/em><\/p>\n<div id=\"texto\" style=\"text-align: justify;\">\n<p>Un custodio privado de la empresa de caudales Brink\u2019s, de 29 a\u00f1os, \u201c<em>ejecut\u00f3<\/em>\u201d ayer a un amigo, de 24, a quien le dispar\u00f3 un tiro en la nuca, luego de una violenta discusi\u00f3n, que mantuvieron en la localidad bonaerense de Wilde. El criminal fue detenido.<\/p>\n<p>Los voceros revelaron que el tremendo hecho se produjo a las 5.30 de la v\u00edspera, cuando <strong>Jonathan Rafael Barreiro, <\/strong>de 24 a\u00f1os, se hallaba junto al agresor, identificado como <strong>Mat\u00edas Alejandro Gonz\u00e1lez<\/strong>, de 29, frente a la finca de este \u00faltimo, situada en Merlo, entre Dante Alighieri y Patagones.<\/p>\n<p>Repentinamente, entre ambos j\u00f3venes se origin\u00f3 una bestial reyerta. El altercado finaliz\u00f3 en tragedia, ya que el custodio se apoder\u00f3 de una pistola Taurus 9 mil\u00edmetros.<\/p>\n<p>Gonz\u00e1lez regres\u00f3 entonces a la vereda, presumi\u00e9ndose que Barreiro, al advertir esa arma, pretendi\u00f3 escapar del lugar. Sin embargo, en estas circunstancias, el imputado\u00a0 le efectu\u00f3 al muchacho un certero balazo, a muy escasa\u00a0 distancia, en la regi\u00f3n craneana, a la altura de la nuca.<\/p>\n<p>Momentos m\u00e1s tarde, Gonz\u00e1lez fue apresado por los pesquisas policiales de la comisar\u00eda de Wilde (5\u00aa de Avellaneda), dependiente de la Jefatura Departamental de Lan\u00fas. Trascendi\u00f3 que, adem\u00e1s, los servidores p\u00fablicos, conducidos por el Comisario Inspector <strong>Juan \u00c1ngel Abramo,<\/strong> lograron incautar el arma de fuego utilizada por el vigilador para dar muerte a Barreiro.<\/p>\n<\/div>\n","protected":false},"excerpt":{"rendered":"<p>El vigilador de un cami\u00f3n de caudales ejecut\u00f3 a su conocido luego de una acalorada reyerta, en la localidad bonaerense de Wilde. Un custodio privado de la empresa de caudales Brink\u2019s, de 29 a\u00f1os, \u201cejecut\u00f3\u201d ayer a un amigo, de 24, a quien le dispar\u00f3 un tiro en la nuca, luego de una violenta discusi\u00f3n,&hellip;<\/p>\n","protected":false},"author":1,"featured_media":0,"comment_status":"open","ping_status":"open","sticky":false,"template":"","format":"standard","meta":{"footnotes":""},"categories":[22],"tags":[3759,91,388,30,397],"class_list":["post-21119","post","type-post","status-publish","format-standard","hentry","category-policiales","tag-amigo","tag-detenido","tag-disparo","tag-policia","tag-vigilador"],"_links":{"self":[{"href":"https:\/\/www.elsindical.com.ar\/notas\/wp-json\/wp\/v2\/posts\/21119","targetHints":{"allow":["GET"]}}],"collection":[{"href":"https:\/\/www.elsindical.com.ar\/notas\/wp-json\/wp\/v2\/posts"}],"about":[{"href":"https:\/\/www.elsindical.com.ar\/notas\/wp-json\/wp\/v2\/types\/post"}],"author":[{"embeddable":true,"href":"https:\/\/www.elsindical.com.ar\/notas\/wp-json\/wp\/v2\/users\/1"}],"replies":[{"embeddable":true,"href":"https:\/\/www.elsindical.com.ar\/notas\/wp-json\/wp\/v2\/comments?post=21119"}],"version-history":[{"count":1,"href":"https:\/\/www.elsindical.com.ar\/notas\/wp-json\/wp\/v2\/posts\/21119\/revisions"}],"predecessor-version":[{"id":21121,"href":"https:\/\/www.elsindical.com.ar\/notas\/wp-json\/wp\/v2\/posts\/21119\/revisions\/21121"}],"wp:attachment":[{"href":"https:\/\/www.elsindical.com.ar\/notas\/wp-json\/wp\/v2\/media?parent=21119"}],"wp:term":[{"taxonomy":"category","embeddable":true,"href":"https:\/\/www.elsindical.com.ar\/notas\/wp-json\/wp\/v2\/categories?post=21119"},{"taxonomy":"post_tag","embeddable":true,"href":"https:\/\/www.elsindical.com.ar\/notas\/wp-json\/wp\/v2\/tags?post=21119"}],"curies":[{"name":"wp","href":"https:\/\/api.w.org\/{rel}","templated":true}]}}