{"id":21077,"date":"2012-02-04T16:22:34","date_gmt":"2012-02-04T19:22:34","guid":{"rendered":"http:\/\/www.elsindical.com.ar\/notas\/?p=21077"},"modified":"2012-02-04T16:22:34","modified_gmt":"2012-02-04T19:22:34","slug":"brasilhuelga-policial-en-bahia-genera-un-caos-social","status":"publish","type":"post","link":"https:\/\/www.elsindical.com.ar\/notas\/brasilhuelga-policial-en-bahia-genera-un-caos-social\/","title":{"rendered":"Brasil:Huelga policial en Bah\u00eda genera un caos social"},"content":{"rendered":"<p style=\"text-align: justify;\"><em><a href=\"http:\/\/www.elsindical.com.ar\/notas\/var\/www\/html\/notas\/wp-content\/uploads\/2012\/02\/soldados-militares-en-Bah\u00eda.jpg\"><img loading=\"lazy\" decoding=\"async\" class=\"alignleft size-medium wp-image-21078\" title=\"soldados-militares-en-Bah\u00eda\" src=\"http:\/\/www.elsindical.com.ar\/notas\/var\/www\/html\/notas\/wp-content\/uploads\/2012\/02\/soldados-militares-en-Bah\u00eda-300x203.jpg\" alt=\"\" width=\"300\" height=\"203\" srcset=\"https:\/\/www.elsindical.com.ar\/notas\/var\/www\/html\/notas\/wp-content\/uploads\/2012\/02\/soldados-militares-en-Bah\u00eda-300x203.jpg 300w, https:\/\/www.elsindical.com.ar\/notas\/var\/www\/html\/notas\/wp-content\/uploads\/2012\/02\/soldados-militares-en-Bah\u00eda.jpg 413w\" sizes=\"auto, (max-width: 300px) 100vw, 300px\" \/><\/a>Los 30.000 polic\u00edas del estado del norte de Brasil est\u00e1n en huelga desde el martes en demanda de mejoras salariales; el Gobierno moviliz\u00f3 a 2500 soldados para reestablecer el orden.<\/em><\/p>\n<p style=\"text-align: justify;\">Una huelga de la polic\u00eda militar en el estado brasile\u00f1o de Bah\u00eda, declarada ilegal por la justicia, desat\u00f3 una ola de inseguridad y cr\u00edmenes, y forz\u00f3 el env\u00edo de tropas federales a la zona que se alista para carnaval, informaron autoridades este s\u00e1bado.<\/p>\n<p style=\"text-align: justify;\">La protesta salarial de los polic\u00edas militares, que comenz\u00f3 el mi\u00e9rcoles e involucra a un n\u00famero indeterminado de uniformados, dispar\u00f3 el n\u00famero de asaltos y saqueos, sumiendo en el caos a ese estado del noreste brasile\u00f1o. S\u00f3lo en la capital, Salvador, se han registrado 50 homicidios en los cuatro d\u00edas de huelga, un 117% m\u00e1s que en el mismo per\u00edodo del a\u00f1o pasado, seg\u00fan cifras divulgadas por la Agencia Brasil (estatal).<\/p>\n<p style=\"text-align: justify;\">\u00abUn grupo de polic\u00edas usando m\u00e9todos condenables, difundiendo miedo en la poblaci\u00f3n, lleg\u00f3 a causar des\u00f3rdenes en algunos puntos del estado\u00bb, afirm\u00f3 el gobernador de Bah\u00eda, Jaques Wagner, en un mensaje televisivo.<\/p>\n<p style=\"text-align: justify;\">El gobierno de Dilma Rousseff dispuso, por pedido del gobernador, el env\u00edo de m\u00e1s de 2.500 efectivos del Ej\u00e9rcito, la Marina y de la Fuerza Nacional de Seguridad para asumir el control de la situaci\u00f3n. Este s\u00e1bado las tropas patrullaban Salvador, que se prepara para recibir a millones de turistas para el carnaval, seg\u00fan im\u00e1genes de televisi\u00f3n.<\/p>\n<p style=\"text-align: justify;\">Sin embargo, la inseguridad de los \u00faltimos d\u00edas produjo la cancelaci\u00f3n del 10% de reservas a\u00e9reas y de hotel, dijo al portal <a href=\"http:\/\/oglobo.globo.com\/pais\/cardozo-pede-vagas-em-presidios-de-seguranca-maxima-para-pms-3881426\" target=\"_blank\">O Globo<\/a> Pedro Galvao, presidente de la Asociaci\u00f3n de Agencias de Viajes de Bah\u00eda.<\/p>\n<p style=\"text-align: justify;\">La justicia de Bah\u00eda declar\u00f3 ilegal la huelga de los polic\u00edas militares, que reclaman un alza salarial del 50% y mejores condiciones laborales. Un soldado recibe en promedio unos 1.500 reales (unos 867 d\u00f3lares) al mes.<\/p>\n<p style=\"text-align: justify;\">\u00abNo podemos convivir con un movimiento declarado ilegal por la justicia bahiana\u00bb, sostuvo Wagner, y advirti\u00f3 que ya fueron emitidas 12 \u00f3rdenes de prisi\u00f3n contra los huelguistas.<\/p>\n","protected":false},"excerpt":{"rendered":"<p>Los 30.000 polic\u00edas del estado del norte de Brasil est\u00e1n en huelga desde el martes en demanda de mejoras salariales; el Gobierno moviliz\u00f3 a 2500 soldados para reestablecer el orden. Una huelga de la polic\u00eda militar en el estado brasile\u00f1o de Bah\u00eda, declarada ilegal por la justicia, desat\u00f3 una ola de inseguridad y cr\u00edmenes, y&hellip;<\/p>\n","protected":false},"author":1,"featured_media":0,"comment_status":"open","ping_status":"open","sticky":false,"template":"","format":"standard","meta":{"footnotes":""},"categories":[18],"tags":[10185,95,4826,289,10187,4793,10186],"class_list":["post-21077","post","type-post","status-publish","format-standard","hentry","category-internacionales","tag-bahia","tag-brasil","tag-dilma-rousseff","tag-huelga","tag-jaques-wagner","tag-militares","tag-policia-militar"],"_links":{"self":[{"href":"https:\/\/www.elsindical.com.ar\/notas\/wp-json\/wp\/v2\/posts\/21077","targetHints":{"allow":["GET"]}}],"collection":[{"href":"https:\/\/www.elsindical.com.ar\/notas\/wp-json\/wp\/v2\/posts"}],"about":[{"href":"https:\/\/www.elsindical.com.ar\/notas\/wp-json\/wp\/v2\/types\/post"}],"author":[{"embeddable":true,"href":"https:\/\/www.elsindical.com.ar\/notas\/wp-json\/wp\/v2\/users\/1"}],"replies":[{"embeddable":true,"href":"https:\/\/www.elsindical.com.ar\/notas\/wp-json\/wp\/v2\/comments?post=21077"}],"version-history":[{"count":2,"href":"https:\/\/www.elsindical.com.ar\/notas\/wp-json\/wp\/v2\/posts\/21077\/revisions"}],"predecessor-version":[{"id":21080,"href":"https:\/\/www.elsindical.com.ar\/notas\/wp-json\/wp\/v2\/posts\/21077\/revisions\/21080"}],"wp:attachment":[{"href":"https:\/\/www.elsindical.com.ar\/notas\/wp-json\/wp\/v2\/media?parent=21077"}],"wp:term":[{"taxonomy":"category","embeddable":true,"href":"https:\/\/www.elsindical.com.ar\/notas\/wp-json\/wp\/v2\/categories?post=21077"},{"taxonomy":"post_tag","embeddable":true,"href":"https:\/\/www.elsindical.com.ar\/notas\/wp-json\/wp\/v2\/tags?post=21077"}],"curies":[{"name":"wp","href":"https:\/\/api.w.org\/{rel}","templated":true}]}}