{"id":20955,"date":"2012-01-31T15:29:28","date_gmt":"2012-01-31T18:29:28","guid":{"rendered":"http:\/\/www.elsindical.com.ar\/notas\/?p=20955"},"modified":"2012-01-31T15:29:28","modified_gmt":"2012-01-31T18:29:28","slug":"ezeizadetienen-a-sargento-femenino-de-la-bonaerense-por-robo-y-secuestro","status":"publish","type":"post","link":"https:\/\/www.elsindical.com.ar\/notas\/ezeizadetienen-a-sargento-femenino-de-la-bonaerense-por-robo-y-secuestro\/","title":{"rendered":"EZEIZA:Detienen a Sargento femenino de la bonaerense por robo y secuestro"},"content":{"rendered":"<p style=\"text-align: justify;\"><em><a href=\"http:\/\/www.elsindical.com.ar\/notas\/var\/www\/html\/notas\/wp-content\/uploads\/2012\/01\/Sonia-Alejandra-Umpierre.jpg\"><img loading=\"lazy\" decoding=\"async\" class=\"alignleft size-medium wp-image-20956\" title=\"Sonia-Alejandra-Umpierre\" src=\"http:\/\/www.elsindical.com.ar\/notas\/var\/www\/html\/notas\/wp-content\/uploads\/2012\/01\/Sonia-Alejandra-Umpierre-300x229.jpg\" alt=\"\" width=\"300\" height=\"229\" srcset=\"https:\/\/www.elsindical.com.ar\/notas\/var\/www\/html\/notas\/wp-content\/uploads\/2012\/01\/Sonia-Alejandra-Umpierre-300x229.jpg 300w, https:\/\/www.elsindical.com.ar\/notas\/var\/www\/html\/notas\/wp-content\/uploads\/2012\/01\/Sonia-Alejandra-Umpierre.jpg 413w\" sizes=\"auto, (max-width: 300px) 100vw, 300px\" \/><\/a>Fue detenida junto a un c\u00f3mplice con antecedentes delictivos. Se la acusa por tomar cinco rehenes en una casa, entre ellos un empleado de BMW que vive en Alemania y una anciana de 84 a\u00f1os.<\/em><\/p>\n<p style=\"text-align: justify;\">Una Sargento de polic\u00eda fue detenida acusada de haber participado en un violento robo ocurrido en la localidad bonaerense de Trist\u00e1n Su\u00e1rez, en el partido de Ezeiza, informaron fuentes policiales.<\/p>\n<p style=\"text-align: justify;\">La mujer polic\u00eda fue identificada como Sonia Alejandra Umpierre, de 30 a\u00f1os, quien fue detenida junto a un sujeto con antecedentes penales, identificado como Jorge Llanos.<\/p>\n<p style=\"text-align: justify;\">\u00a0Ambos est\u00e1n sospechados por el robo que sufri\u00f3 una familia el 23 de enero pasado en una casa ubicada en calles Carrizo y Eustaquio G\u00f3mez.<\/p>\n<p style=\"text-align: justify;\">\u00a0Los acusados habr\u00edan tomado como reh\u00e9n a cinco integrantes de la familia, entre ellos una anciana de 84 a\u00f1os, a quienes golpearon e inmovilizaron con precintos de pl\u00e1stico.<\/p>\n<p style=\"text-align: justify;\">De acuerdo con las fuentes, una de las v\u00edctimas es un joven que trabaja en la f\u00e1brica de BMW de Alemania, y que estaba de visita por el pa\u00eds.<\/p>\n<p style=\"text-align: justify;\">Lo que sospechan los investigadores es que los autores manejaban esa informaci\u00f3n y cre\u00edan que podr\u00eda tener una importante suma de dinero en su poder.<\/p>\n<p style=\"text-align: justify;\">Seg\u00fan un vocero, los autores \u00abten\u00edan mal el dato porque s\u00f3lo pudieron llevarse mil euros. Lo cierto es que en base a los distintos elementos recolectados pudieron identificar a los presuntos autores.<\/p>\n<p style=\"text-align: justify;\">Umpierre, que prestaba servicio en la comisar\u00eda primera de Ca\u00f1uelas, fue separada de su cargo preventivamente por disposici\u00f3n del Ministerio de Justicia y Seguridad.<\/p>\n<p style=\"text-align: justify;\">Fuente:Agencias, 911, Ministerio de Seguridad y Justicia<\/p>\n","protected":false},"excerpt":{"rendered":"<p>Fue detenida junto a un c\u00f3mplice con antecedentes delictivos. Se la acusa por tomar cinco rehenes en una casa, entre ellos un empleado de BMW que vive en Alemania y una anciana de 84 a\u00f1os. Una Sargento de polic\u00eda fue detenida acusada de haber participado en un violento robo ocurrido en la localidad bonaerense de&hellip;<\/p>\n","protected":false},"author":1,"featured_media":0,"comment_status":"open","ping_status":"open","sticky":false,"template":"","format":"standard","meta":{"footnotes":""},"categories":[22],"tags":[1550,2836,661,10155,749,1566,10154,10153],"class_list":["post-20955","post","type-post","status-publish","format-standard","hentry","category-policiales","tag-antecedentes","tag-bmw","tag-ezeiza","tag-jorge-llanos","tag-policia-bonaerense","tag-sargento","tag-sonia-alejandra-umpierre","tag-tristan-suarez"],"_links":{"self":[{"href":"https:\/\/www.elsindical.com.ar\/notas\/wp-json\/wp\/v2\/posts\/20955","targetHints":{"allow":["GET"]}}],"collection":[{"href":"https:\/\/www.elsindical.com.ar\/notas\/wp-json\/wp\/v2\/posts"}],"about":[{"href":"https:\/\/www.elsindical.com.ar\/notas\/wp-json\/wp\/v2\/types\/post"}],"author":[{"embeddable":true,"href":"https:\/\/www.elsindical.com.ar\/notas\/wp-json\/wp\/v2\/users\/1"}],"replies":[{"embeddable":true,"href":"https:\/\/www.elsindical.com.ar\/notas\/wp-json\/wp\/v2\/comments?post=20955"}],"version-history":[{"count":1,"href":"https:\/\/www.elsindical.com.ar\/notas\/wp-json\/wp\/v2\/posts\/20955\/revisions"}],"predecessor-version":[{"id":20957,"href":"https:\/\/www.elsindical.com.ar\/notas\/wp-json\/wp\/v2\/posts\/20955\/revisions\/20957"}],"wp:attachment":[{"href":"https:\/\/www.elsindical.com.ar\/notas\/wp-json\/wp\/v2\/media?parent=20955"}],"wp:term":[{"taxonomy":"category","embeddable":true,"href":"https:\/\/www.elsindical.com.ar\/notas\/wp-json\/wp\/v2\/categories?post=20955"},{"taxonomy":"post_tag","embeddable":true,"href":"https:\/\/www.elsindical.com.ar\/notas\/wp-json\/wp\/v2\/tags?post=20955"}],"curies":[{"name":"wp","href":"https:\/\/api.w.org\/{rel}","templated":true}]}}