{"id":20945,"date":"2012-01-31T08:54:31","date_gmt":"2012-01-31T11:54:31","guid":{"rendered":"http:\/\/www.elsindical.com.ar\/notas\/?p=20945"},"modified":"2012-01-31T08:54:31","modified_gmt":"2012-01-31T11:54:31","slug":"se-cumplen-34-anos-del-crimen-de-jorge-cafrune-fallecido-en-un-sospechoso-accidente","status":"publish","type":"post","link":"https:\/\/www.elsindical.com.ar\/notas\/se-cumplen-34-anos-del-crimen-de-jorge-cafrune-fallecido-en-un-sospechoso-accidente\/","title":{"rendered":"Se cumplen 34 a\u00f1os del crimen de Jorge Cafrune, fallecido en un sospechoso accidente"},"content":{"rendered":"<p style=\"text-align: justify;\"><em><a href=\"http:\/\/www.elsindical.com.ar\/notas\/var\/www\/html\/notas\/wp-content\/uploads\/2012\/01\/Jorge-Cafrune.jpg\"><img loading=\"lazy\" decoding=\"async\" class=\"alignleft size-medium wp-image-20946\" title=\"Jorge-Cafrune\" src=\"http:\/\/www.elsindical.com.ar\/notas\/var\/www\/html\/notas\/wp-content\/uploads\/2012\/01\/Jorge-Cafrune-246x300.jpg\" alt=\"\" width=\"246\" height=\"300\" srcset=\"https:\/\/www.elsindical.com.ar\/notas\/var\/www\/html\/notas\/wp-content\/uploads\/2012\/01\/Jorge-Cafrune-246x300.jpg 246w, https:\/\/www.elsindical.com.ar\/notas\/var\/www\/html\/notas\/wp-content\/uploads\/2012\/01\/Jorge-Cafrune.jpg 325w\" sizes=\"auto, (max-width: 246px) 100vw, 246px\" \/><\/a>EL 31 de enero de 1978 es asesinado el cantor de Jorge Cafrune. Cuando marchaba a caballo hacia Yapey\u00fa para rendir homenaje al general Jos\u00e9 de San Mart\u00edn, el popular folclorista Jorge Cafrune fue atropellado por una camioneta.<\/em><\/p>\n<p style=\"text-align: justify;\">El cuerpo de quien seguramente fue el mayor cantor popular de m\u00fasica folcl\u00f3rica que ha tenido el pa\u00eds, permaneci\u00f3 demasiadas horas sin atenci\u00f3n m\u00e9dica en la amplia banquina de la ruta, hasta que finalmente falleci\u00f3 de un edema pulmonar. A la camioneta y al conductor se los hab\u00eda tragado la noche.<\/p>\n<p style=\"text-align: justify;\">Pocos d\u00edas antes, en el festival de Cosqu\u00edn, y haciendo hincapi\u00e9 en que el tema no estaba \u00aben el repertorio autorizado\u00bb, a pedido del p\u00fablico hab\u00eda cantado \u00abZamba de mi esperanza\u00bb, prohibida seg\u00fan los absurdos criterios dictatoriales. E inmediatamente despu\u00e9s interpret\u00f3 \u00abEl orejano\u00bb.<\/p>\n<p style=\"text-align: justify;\">Seg\u00fan testimonios que se consignan en el informe Nunca M\u00e1s, tras la presentaci\u00f3n en Cosqu\u00edn su muerte se habr\u00eda planeado en el campo de concentraci\u00f3n La Perla.<\/p>\n<p><iframe loading=\"lazy\" src=\"http:\/\/www.youtube.com\/embed\/-OhWjNUrTxo\" frameborder=\"0\" width=\"420\" height=\"315\"><\/iframe><\/p>\n","protected":false},"excerpt":{"rendered":"<p>EL 31 de enero de 1978 es asesinado el cantor de Jorge Cafrune. Cuando marchaba a caballo hacia Yapey\u00fa para rendir homenaje al general Jos\u00e9 de San Mart\u00edn, el popular folclorista Jorge Cafrune fue atropellado por una camioneta. El cuerpo de quien seguramente fue el mayor cantor popular de m\u00fasica folcl\u00f3rica que ha tenido el&hellip;<\/p>\n","protected":false},"author":1,"featured_media":0,"comment_status":"open","ping_status":"open","sticky":false,"template":"","format":"standard","meta":{"footnotes":""},"categories":[14],"tags":[363,5907,1637,3898,10149,10148],"class_list":["post-20945","post","type-post","status-publish","format-standard","hentry","category-efemerides","tag-asesinato","tag-cantautor","tag-cosquin","tag-folclorista","tag-jorge-cafrune","tag-la-perla"],"_links":{"self":[{"href":"https:\/\/www.elsindical.com.ar\/notas\/wp-json\/wp\/v2\/posts\/20945","targetHints":{"allow":["GET"]}}],"collection":[{"href":"https:\/\/www.elsindical.com.ar\/notas\/wp-json\/wp\/v2\/posts"}],"about":[{"href":"https:\/\/www.elsindical.com.ar\/notas\/wp-json\/wp\/v2\/types\/post"}],"author":[{"embeddable":true,"href":"https:\/\/www.elsindical.com.ar\/notas\/wp-json\/wp\/v2\/users\/1"}],"replies":[{"embeddable":true,"href":"https:\/\/www.elsindical.com.ar\/notas\/wp-json\/wp\/v2\/comments?post=20945"}],"version-history":[{"count":1,"href":"https:\/\/www.elsindical.com.ar\/notas\/wp-json\/wp\/v2\/posts\/20945\/revisions"}],"predecessor-version":[{"id":20947,"href":"https:\/\/www.elsindical.com.ar\/notas\/wp-json\/wp\/v2\/posts\/20945\/revisions\/20947"}],"wp:attachment":[{"href":"https:\/\/www.elsindical.com.ar\/notas\/wp-json\/wp\/v2\/media?parent=20945"}],"wp:term":[{"taxonomy":"category","embeddable":true,"href":"https:\/\/www.elsindical.com.ar\/notas\/wp-json\/wp\/v2\/categories?post=20945"},{"taxonomy":"post_tag","embeddable":true,"href":"https:\/\/www.elsindical.com.ar\/notas\/wp-json\/wp\/v2\/tags?post=20945"}],"curies":[{"name":"wp","href":"https:\/\/api.w.org\/{rel}","templated":true}]}}