{"id":20903,"date":"2012-01-30T12:44:33","date_gmt":"2012-01-30T15:44:33","guid":{"rendered":"http:\/\/www.elsindical.com.ar\/notas\/?p=20903"},"modified":"2012-01-30T12:44:33","modified_gmt":"2012-01-30T15:44:33","slug":"santa-femisterio-en-torno-a-la-desaparicion-de-joven-madre","status":"publish","type":"post","link":"https:\/\/www.elsindical.com.ar\/notas\/santa-femisterio-en-torno-a-la-desaparicion-de-joven-madre\/","title":{"rendered":"Santa Fe:Misterio en torno a la desaparici\u00f3n de joven madre"},"content":{"rendered":"<p style=\"text-align: justify;\"><em><a href=\"http:\/\/www.elsindical.com.ar\/notas\/var\/www\/html\/notas\/wp-content\/uploads\/2012\/01\/reclamo-por-Paula-Perassi.jpg\"><img loading=\"lazy\" decoding=\"async\" class=\"alignleft size-medium wp-image-20904\" title=\"reclamo-por-Paula-Perassi\" src=\"http:\/\/www.elsindical.com.ar\/notas\/var\/www\/html\/notas\/wp-content\/uploads\/2012\/01\/reclamo-por-Paula-Perassi-300x225.jpg\" alt=\"\" width=\"300\" height=\"225\" srcset=\"https:\/\/www.elsindical.com.ar\/notas\/var\/www\/html\/notas\/wp-content\/uploads\/2012\/01\/reclamo-por-Paula-Perassi-300x225.jpg 300w, https:\/\/www.elsindical.com.ar\/notas\/var\/www\/html\/notas\/wp-content\/uploads\/2012\/01\/reclamo-por-Paula-Perassi.jpg 413w\" sizes=\"auto, (max-width: 300px) 100vw, 300px\" \/><\/a>Paula Perassi tiene 34 a\u00f1os, est\u00e1 casada y es mam\u00e1 de dos varones de seis y dos a\u00f1os. Se encuentra desaparecida desde el 18 de septiembre pasado, cuando sali\u00f3 de su casa en las afueras de la ciudad de Rosario. Nada se sabe sobre su paradero, y en su familia todo es desesperaci\u00f3n.<\/em><\/p>\n<p style=\"text-align: justify;\">\u00a0Aunque no hay imputados, hay sospechas en torno a la figura de un empresario que manten\u00eda una relaci\u00f3n sentimental paralela con la mujer, quien al comienzo de la b\u00fasqueda neg\u00f3 todo, aunque luego debi\u00f3 reconocer la \u00edntima amistad. Un dato que aporta dramatismo al enigm\u00e1tico caso es que d\u00edas antes de su desaparici\u00f3n, a la mujer le confirmaron que ten\u00eda un embarazo. Paula tiene su residencia, junto al marido y sus hijos, en la localidad santafesina de San Lorenzo.<\/p>\n<p style=\"text-align: justify;\">El 18 de septiembre, hace cuatro meses y medio, sali\u00f3 de su hogar tras recibir una llamada desde un tel\u00e9fono p\u00fablico. No le cont\u00f3 a nadie el motivo de la salida y lo \u00fanico concreto es que ya no regres\u00f3. Las idas y vueltas en la investigaci\u00f3n derivaron en que el expediente se encuentre virtualmente paralizado, sin pruebas o evidencias que permitan acrecentar la esperanza de llegar a la verdad. La familia de Paula, a contramano de la quietud judicial, no para un segundo en busca de informaci\u00f3n, recurriendo a las redes sociales para difundir la b\u00fasqueda y haciendo todo lo posible. La semana pasada, Alberto Perassi, padre de la mujer, realiz\u00f3 una protesta frente a los tribunales de San Lorenzo.<\/p>\n<p style=\"text-align: justify;\">\u201cVoy a seguir trabajando. Alguien tendr\u00e1 que darme una noticia. Necesito ayuda de todos, hay muchas cosas en el medio que son raras. Queremos que Paula no quede en el olvido\u201d, dijo el hombre, que estacion\u00f3 su camioneta con una gigantograf\u00eda de la mujer y hasta se encaden\u00f3. Es que los familiares de la mujer desaparecida no creen que Paula se haya ausentado por su cuenta, abandonando a sus peque\u00f1os hijos. No tiene el perfil y tampoco antecedentes de actos similares. Por esa raz\u00f3n, sus allegados sostienen que se ausent\u00f3 enga\u00f1ada o amenazada.<\/p>\n<p style=\"text-align: justify;\">Desde que desapareci\u00f3, no realiz\u00f3 ninguna llamada a su casa, salvo un mensaje de texto donde la mujer supuestamente escribi\u00f3 que se encontraba bien y que se iba a la provincia de San Juan, aunque hasta el momento no se prob\u00f3 tal viaje.<\/p>\n<p style=\"text-align: justify;\"><strong>Llamadas cruzadas<\/strong><\/p>\n<p style=\"text-align: justify;\">A partir de la causa iniciada, comenzaron a surgir datos sobre la vida de la mujer que eran de su intimidad, pero que pueden tener relaci\u00f3n con la desaparici\u00f3n. Por ejemplo, al inicio de la pesquisa se cruzaron sus llamadas telef\u00f3nicas, y se descubri\u00f3 que frecuentemente se conectaba con un hombre por fuera de su n\u00facleo familiar. Se trata de un empresario llamado Gabriel, que al ser llamado a declarar neg\u00f3 tener relaci\u00f3n con Paula, aunque luego la evidencia fue tan abrumadora que reconoci\u00f3 la relaci\u00f3n que los un\u00eda. Pero hay m\u00e1s. Una semana despu\u00e9s de la desaparici\u00f3n, su familia descubri\u00f3 que a Paula le hab\u00edan confirmado en el sanatorio Brit\u00e1nico de Rosario que estaba embarazada.<\/p>\n<p style=\"text-align: justify;\">La justicia pudo determinar que luego de saber que esperaba un hijo, Paula y Gabriel aumentaron la frecuencia de sus comunicaciones. Tanto el marido de Paula, Rodolfo Ortiz, como Gabriel fueron entrevistados por funcionarios judiciales. Las conclusiones no se conocen y aun no hay imputados. Pero para los allegados de Paula, sus sospechan apuntan a el amante, quien neg\u00f3 toda responsabilidad en el caso que a m\u00e1s de cuatro meses, es un verdadero misterio.<\/p>\n<p style=\"text-align: justify;\">\n<p style=\"text-align: justify;\"><em><strong>Fuente:Diario Popular<\/strong><\/em><\/p>\n<p style=\"text-align: justify;\"><em><strong>Por Maximiliano F. Montenegro<\/strong><\/em><\/p>\n","protected":false},"excerpt":{"rendered":"<p>Paula Perassi tiene 34 a\u00f1os, est\u00e1 casada y es mam\u00e1 de dos varones de seis y dos a\u00f1os. Se encuentra desaparecida desde el 18 de septiembre pasado, cuando sali\u00f3 de su casa en las afueras de la ciudad de Rosario. Nada se sabe sobre su paradero, y en su familia todo es desesperaci\u00f3n. \u00a0Aunque no&hellip;<\/p>\n","protected":false},"author":1,"featured_media":0,"comment_status":"open","ping_status":"open","sticky":false,"template":"","format":"standard","meta":{"footnotes":""},"categories":[25],"tags":[1113,973,360,10134,2208,609],"class_list":["post-20903","post","type-post","status-publish","format-standard","hentry","category-sociedad","tag-casa","tag-desaparecida","tag-mama","tag-paula-perassi","tag-rosario","tag-santa-fe"],"_links":{"self":[{"href":"https:\/\/www.elsindical.com.ar\/notas\/wp-json\/wp\/v2\/posts\/20903","targetHints":{"allow":["GET"]}}],"collection":[{"href":"https:\/\/www.elsindical.com.ar\/notas\/wp-json\/wp\/v2\/posts"}],"about":[{"href":"https:\/\/www.elsindical.com.ar\/notas\/wp-json\/wp\/v2\/types\/post"}],"author":[{"embeddable":true,"href":"https:\/\/www.elsindical.com.ar\/notas\/wp-json\/wp\/v2\/users\/1"}],"replies":[{"embeddable":true,"href":"https:\/\/www.elsindical.com.ar\/notas\/wp-json\/wp\/v2\/comments?post=20903"}],"version-history":[{"count":2,"href":"https:\/\/www.elsindical.com.ar\/notas\/wp-json\/wp\/v2\/posts\/20903\/revisions"}],"predecessor-version":[{"id":20906,"href":"https:\/\/www.elsindical.com.ar\/notas\/wp-json\/wp\/v2\/posts\/20903\/revisions\/20906"}],"wp:attachment":[{"href":"https:\/\/www.elsindical.com.ar\/notas\/wp-json\/wp\/v2\/media?parent=20903"}],"wp:term":[{"taxonomy":"category","embeddable":true,"href":"https:\/\/www.elsindical.com.ar\/notas\/wp-json\/wp\/v2\/categories?post=20903"},{"taxonomy":"post_tag","embeddable":true,"href":"https:\/\/www.elsindical.com.ar\/notas\/wp-json\/wp\/v2\/tags?post=20903"}],"curies":[{"name":"wp","href":"https:\/\/api.w.org\/{rel}","templated":true}]}}