{"id":20850,"date":"2012-01-28T08:20:49","date_gmt":"2012-01-28T11:20:49","guid":{"rendered":"http:\/\/www.elsindical.com.ar\/notas\/?p=20850"},"modified":"2012-01-28T08:20:49","modified_gmt":"2012-01-28T11:20:49","slug":"cordobainstructor-de-esqui-imputado-y-detenido-por-corrupcion-de-menores","status":"publish","type":"post","link":"https:\/\/www.elsindical.com.ar\/notas\/cordobainstructor-de-esqui-imputado-y-detenido-por-corrupcion-de-menores\/","title":{"rendered":"C\u00f3rdoba:Instructor de esqu\u00ed imputado y detenido por \u201ccorrupci\u00f3n de menores\u201d"},"content":{"rendered":"<p style=\"text-align: justify;\"><em><a href=\"http:\/\/www.elsindical.com.ar\/notas\/var\/www\/html\/notas\/wp-content\/uploads\/2012\/01\/estaci\u00f3n-de-servicio-C\u00f3rdoba.jpg\"><img loading=\"lazy\" decoding=\"async\" class=\"alignleft size-medium wp-image-20851\" title=\"estaci\u00f3n-de-servicio-C\u00f3rdoba\" src=\"http:\/\/www.elsindical.com.ar\/notas\/var\/www\/html\/notas\/wp-content\/uploads\/2012\/01\/estaci\u00f3n-de-servicio-C\u00f3rdoba-300x236.jpg\" alt=\"\" width=\"300\" height=\"236\" srcset=\"https:\/\/www.elsindical.com.ar\/notas\/var\/www\/html\/notas\/wp-content\/uploads\/2012\/01\/estaci\u00f3n-de-servicio-C\u00f3rdoba-300x236.jpg 300w, https:\/\/www.elsindical.com.ar\/notas\/var\/www\/html\/notas\/wp-content\/uploads\/2012\/01\/estaci\u00f3n-de-servicio-C\u00f3rdoba.jpg 413w\" sizes=\"auto, (max-width: 300px) 100vw, 300px\" \/><\/a>La madrugada del lunes 9 de enero, en la provincia de C\u00f3rdoba, un conocido instructor de esqu\u00ed de ni\u00f1os -que cada temporada de invierno trabaja en Bariloche- fue detenido luego de ser descubierto en un hotel alojamiento con un chico. Fue imputado judicialmente por \u201ccorrupci\u00f3n de menores\u201d, y se encuentra detenido. Buscan testigos. Preocupaci\u00f3n de padres que enviaron a sus hijos a la reconocida escuela de esqu\u00ed, donde se desempe\u00f1a el instructor, cuyo nombre no fue autorizado por la Justicia a difundir.Un conocido instructor de esqu\u00ed de chicos en Bariloche, identificado por la Justicia cordobesa por las iniciales \u201cGS\u201d -el nombre completo no fue autorizado por la Justicia a ser difundido-, fue detenido en la capital de la provincia mediterr\u00e1nea despu\u00e9s de haber sido descubierto ingresando a un hotel alojamiento acompa\u00f1ado por un menor. Ocurri\u00f3 el pasado 9 de este mes, cuando el profesor de esqu\u00ed, oriundo de C\u00f3rdoba, intent\u00f3 alojarse en un cuarto de un hotel con un chico de entre 8 y 11 a\u00f1os.<\/em><\/p>\n<p style=\"text-align: justify;\">Al ser descubierto por un empleado -que vio al menor en un espejo, por una peque\u00f1a ventana del cuarto que ocuparon-, \u201cGS\u201d intent\u00f3 escapar en su camioneta 4 x 4, y fue perseguido por la Polic\u00eda, que, finalmente, logr\u00f3 detenerlo, tras herirlo de un balazo, en un confuso hecho.<\/p>\n<p style=\"text-align: justify;\">El instructor fue imputado por \u201ccorrupci\u00f3n de menores\u201d y \u201cresistencia a la autoridad\u201d, seg\u00fan inform\u00f3 el diario La Voz del Interior.<\/p>\n<p style=\"text-align: justify;\">La noticia caus\u00f3 profunda preocupaci\u00f3n entre los padres de los chicos que, a\u00f1o tras a\u00f1o, enviaron a sus hijos a la reconocida escuela de esqu\u00ed -que recibe a ni\u00f1os de la far\u00e1ndula porte\u00f1a-, en la que \u201cGS\u201d se desempe\u00f1aba. Incluso acompa\u00f1\u00f3 a numerosos ni\u00f1os en competencias internacionales. Hasta hoy, se trat\u00f3 de un temor no hecho p\u00fablico.<\/p>\n<p style=\"text-align: justify;\">La causa judicial recay\u00f3 inicialmente en la Unidad Judicial 18 de barrio Alto Verde, de la capital cordobesa, y en estos momentos corresponde a la fiscal de Distrito IV, Turno 6, Jorgelina Gutiez, a\u00f1adi\u00f3 el diario cordob\u00e9s. La fiscal consider\u00f3 clave para sostener la imputaci\u00f3n el testimonio del chico, o del taxista que llev\u00f3 al ni\u00f1o desde una estaci\u00f3n de servicios hasta su casa, luego que el instructor lo dejara en una estaci\u00f3n de servicios, en plena huida de la polic\u00eda.<\/p>\n<p style=\"text-align: justify;\">\u201cGS\u201d, de 43 a\u00f1os, se desempe\u00f1a como instructor en Bariloche, Mendoza, y el exterior en las temporadas de invierno europeas.<\/p>\n","protected":false},"excerpt":{"rendered":"<p>La madrugada del lunes 9 de enero, en la provincia de C\u00f3rdoba, un conocido instructor de esqu\u00ed de ni\u00f1os -que cada temporada de invierno trabaja en Bariloche- fue detenido luego de ser descubierto en un hotel alojamiento con un chico. Fue imputado judicialmente por \u201ccorrupci\u00f3n de menores\u201d, y se encuentra detenido. Buscan testigos. Preocupaci\u00f3n de&hellip;<\/p>\n","protected":false},"author":1,"featured_media":0,"comment_status":"open","ping_status":"open","sticky":false,"template":"","format":"standard","meta":{"footnotes":""},"categories":[20],"tags":[153,2523,148,10118,10119,223,30,2881],"class_list":["post-20850","post","type-post","status-publish","format-standard","hentry","category-judiciales","tag-cordoba","tag-corrupcion-de-menores","tag-herido","tag-hotel-alojamiiento","tag-instructor-de-esqui","tag-menor","tag-policia","tag-testigos"],"_links":{"self":[{"href":"https:\/\/www.elsindical.com.ar\/notas\/wp-json\/wp\/v2\/posts\/20850","targetHints":{"allow":["GET"]}}],"collection":[{"href":"https:\/\/www.elsindical.com.ar\/notas\/wp-json\/wp\/v2\/posts"}],"about":[{"href":"https:\/\/www.elsindical.com.ar\/notas\/wp-json\/wp\/v2\/types\/post"}],"author":[{"embeddable":true,"href":"https:\/\/www.elsindical.com.ar\/notas\/wp-json\/wp\/v2\/users\/1"}],"replies":[{"embeddable":true,"href":"https:\/\/www.elsindical.com.ar\/notas\/wp-json\/wp\/v2\/comments?post=20850"}],"version-history":[{"count":2,"href":"https:\/\/www.elsindical.com.ar\/notas\/wp-json\/wp\/v2\/posts\/20850\/revisions"}],"predecessor-version":[{"id":20853,"href":"https:\/\/www.elsindical.com.ar\/notas\/wp-json\/wp\/v2\/posts\/20850\/revisions\/20853"}],"wp:attachment":[{"href":"https:\/\/www.elsindical.com.ar\/notas\/wp-json\/wp\/v2\/media?parent=20850"}],"wp:term":[{"taxonomy":"category","embeddable":true,"href":"https:\/\/www.elsindical.com.ar\/notas\/wp-json\/wp\/v2\/categories?post=20850"},{"taxonomy":"post_tag","embeddable":true,"href":"https:\/\/www.elsindical.com.ar\/notas\/wp-json\/wp\/v2\/tags?post=20850"}],"curies":[{"name":"wp","href":"https:\/\/api.w.org\/{rel}","templated":true}]}}