{"id":20817,"date":"2012-01-27T00:58:21","date_gmt":"2012-01-27T03:58:21","guid":{"rendered":"http:\/\/www.elsindical.com.ar\/notas\/?p=20817"},"modified":"2012-01-27T00:59:11","modified_gmt":"2012-01-27T03:59:11","slug":"alicia-castro-fue-designada-como-embajadora-ante-el-reino-unido-de-gran-bretana-e-irlanda-del-norte","status":"publish","type":"post","link":"https:\/\/www.elsindical.com.ar\/notas\/alicia-castro-fue-designada-como-embajadora-ante-el-reino-unido-de-gran-bretana-e-irlanda-del-norte\/","title":{"rendered":"Alicia Castro, fue designada como Embajadora ante el Reino Unido de Gran Breta\u00f1a e Irlanda del Norte"},"content":{"rendered":"<div id=\"bajada\" style=\"text-align: justify;\">\n<p><em><a href=\"http:\/\/www.elsindical.com.ar\/notas\/var\/www\/html\/notas\/wp-content\/uploads\/2012\/01\/Alicia-Castro.jpg\"><img loading=\"lazy\" decoding=\"async\" class=\"alignleft size-medium wp-image-20818\" title=\"Alicia-Castro\" src=\"http:\/\/www.elsindical.com.ar\/notas\/var\/www\/html\/notas\/wp-content\/uploads\/2012\/01\/Alicia-Castro-300x160.jpg\" alt=\"\" width=\"300\" height=\"160\" srcset=\"https:\/\/www.elsindical.com.ar\/notas\/var\/www\/html\/notas\/wp-content\/uploads\/2012\/01\/Alicia-Castro-300x160.jpg 300w, https:\/\/www.elsindical.com.ar\/notas\/var\/www\/html\/notas\/wp-content\/uploads\/2012\/01\/Alicia-Castro.jpg 413w\" sizes=\"auto, (max-width: 300px) 100vw, 300px\" \/><\/a>La funcionaria abarcar\u00e1 el Reino Unido e Irlanda del Norte. Por su parte, el Gobierno brit\u00e1nico se mostr\u00f3 satisfecho por la designaci\u00f3n de la nueva representante argentina, quien ya hab\u00eda ocupado el mismo cargo en Venezuela hasta diciembre de 2011.<\/em><\/p>\n<\/div>\n<div id=\"texto\" style=\"text-align: justify;\">\n<p>La presidenta <strong>Cristina Fern\u00e1ndez de Kirchner <\/strong>design\u00f3 a <strong>Alicia Castro<\/strong> como Embajadora ante el Reino Unido de Gran Breta\u00f1a e Irlanda del Norte, mientras que el gobierno brit\u00e1nico ha concedido el benepl\u00e1cito correspondiente, inform\u00f3 esta tarde la Canciller\u00eda.<\/p>\n<p>La embajadora Alicia Castro se desempe\u00f1\u00f3 como representante argentina ante la Rep\u00fablica Bolivariana de Venezuela hasta diciembre del 2011.<\/p>\n<p><em>\u201cEn esta ocasi\u00f3n el gobierno argentino desea reiterar, nuevamente, su vocaci\u00f3n de di\u00e1logo con el gobierno brit\u00e1nico en cumplimiento de las resoluciones de Naciones Unidas sobre la cuesti\u00f3n de las Islas Malvinas\u201d<\/em>, indic\u00f3 un comunicado de la Canciller\u00eda.<\/p>\n<\/div>\n","protected":false},"excerpt":{"rendered":"<p>La funcionaria abarcar\u00e1 el Reino Unido e Irlanda del Norte. Por su parte, el Gobierno brit\u00e1nico se mostr\u00f3 satisfecho por la designaci\u00f3n de la nueva representante argentina, quien ya hab\u00eda ocupado el mismo cargo en Venezuela hasta diciembre de 2011. La presidenta Cristina Fern\u00e1ndez de Kirchner design\u00f3 a Alicia Castro como Embajadora ante el Reino&hellip;<\/p>\n","protected":false},"author":1,"featured_media":0,"comment_status":"open","ping_status":"open","sticky":false,"template":"","format":"standard","meta":{"footnotes":""},"categories":[13],"tags":[10110,1205,10111,2152],"class_list":["post-20817","post","type-post","status-publish","format-standard","hentry","category-politica","tag-alicia-castro","tag-cristina-fernandez-de-kirchner","tag-embajadora","tag-venezuela"],"_links":{"self":[{"href":"https:\/\/www.elsindical.com.ar\/notas\/wp-json\/wp\/v2\/posts\/20817","targetHints":{"allow":["GET"]}}],"collection":[{"href":"https:\/\/www.elsindical.com.ar\/notas\/wp-json\/wp\/v2\/posts"}],"about":[{"href":"https:\/\/www.elsindical.com.ar\/notas\/wp-json\/wp\/v2\/types\/post"}],"author":[{"embeddable":true,"href":"https:\/\/www.elsindical.com.ar\/notas\/wp-json\/wp\/v2\/users\/1"}],"replies":[{"embeddable":true,"href":"https:\/\/www.elsindical.com.ar\/notas\/wp-json\/wp\/v2\/comments?post=20817"}],"version-history":[{"count":2,"href":"https:\/\/www.elsindical.com.ar\/notas\/wp-json\/wp\/v2\/posts\/20817\/revisions"}],"predecessor-version":[{"id":20820,"href":"https:\/\/www.elsindical.com.ar\/notas\/wp-json\/wp\/v2\/posts\/20817\/revisions\/20820"}],"wp:attachment":[{"href":"https:\/\/www.elsindical.com.ar\/notas\/wp-json\/wp\/v2\/media?parent=20817"}],"wp:term":[{"taxonomy":"category","embeddable":true,"href":"https:\/\/www.elsindical.com.ar\/notas\/wp-json\/wp\/v2\/categories?post=20817"},{"taxonomy":"post_tag","embeddable":true,"href":"https:\/\/www.elsindical.com.ar\/notas\/wp-json\/wp\/v2\/tags?post=20817"}],"curies":[{"name":"wp","href":"https:\/\/api.w.org\/{rel}","templated":true}]}}