{"id":20679,"date":"2012-01-23T13:13:35","date_gmt":"2012-01-23T16:13:35","guid":{"rendered":"http:\/\/www.elsindical.com.ar\/notas\/?p=20679"},"modified":"2012-01-23T13:13:35","modified_gmt":"2012-01-23T16:13:35","slug":"una-madre-que-no-baja-los-brazos-reclama-justicia","status":"publish","type":"post","link":"https:\/\/www.elsindical.com.ar\/notas\/una-madre-que-no-baja-los-brazos-reclama-justicia\/","title":{"rendered":"Una madre que no baja los brazos, reclama Justicia"},"content":{"rendered":"<p style=\"text-align: justify;\"><em><a href=\"http:\/\/www.elsindical.com.ar\/notas\/var\/www\/html\/notas\/wp-content\/uploads\/2012\/01\/Giannina-Beatriz-Violante.jpg\"><img loading=\"lazy\" decoding=\"async\" class=\"alignleft size-medium wp-image-20680\" title=\"Giannina-Beatriz-Violante\" src=\"http:\/\/www.elsindical.com.ar\/notas\/var\/www\/html\/notas\/wp-content\/uploads\/2012\/01\/Giannina-Beatriz-Violante-300x270.jpg\" alt=\"\" width=\"300\" height=\"270\" srcset=\"https:\/\/www.elsindical.com.ar\/notas\/var\/www\/html\/notas\/wp-content\/uploads\/2012\/01\/Giannina-Beatriz-Violante-300x270.jpg 300w, https:\/\/www.elsindical.com.ar\/notas\/var\/www\/html\/notas\/wp-content\/uploads\/2012\/01\/Giannina-Beatriz-Violante.jpg 413w\" sizes=\"auto, (max-width: 300px) 100vw, 300px\" \/><\/a>Lo expres\u00f3 la madre de una joven que fue hallada descuartizada en tres bolsas de residuos en febrero de 2010.<\/em><\/p>\n<div id=\"texto\" style=\"text-align: justify;\">\n<p><strong>Giannina Beatriz\u00a0Violante<\/strong> ten\u00eda 18 a\u00f1os cuando sali\u00f3 de su casa en Villa de Mayo, partido de Islas Malvinas, rumbo a Don Torcuato, a la casa de sus amigas. Era el 13 de febrero de 2010. Tres d\u00edas despu\u00e9s fue hallada descuartizada en tres bolsas de residuos en el partido de San Miguel.<\/p>\n<p>No hay imputados por el crimen. En la pagina del Ministerio de Seguridad bonaerense figura una recompensa de hasta 70.000 pesos para quienes aporten datos para esclarecer el hecho.<\/p>\n<p>Su mam\u00e1, <strong>Nilda L\u00f3pez<\/strong>, reclama justicia. <em>\u201cNo hay detenidos. No se sabe cu\u00e1l fue la casa en la que la tuvieron encerrada, ni el auto que usaron para trasladarla. El perito forense no sac\u00f3 muestras de las u\u00f1as de mi hija que, seg\u00fan la autopsia, se defendi\u00f3\u201d<\/em>, dijo la mam\u00e1 de Giannina.<\/p>\n<p>El 16 de febrero de 2010, pasadas las 18, su cuerpo apareci\u00f3 descuartizado.<\/p>\n<p><em>\u201cEs en una zona que linda con quintas. La encontr\u00f3 una se\u00f1ora que paseaba su perro, porque el animal le quer\u00eda comer la pierna. Mi hija ten\u00eda tres cortes. Estaba con vida cuando se los hicieron. Me dijeron que los cortes eran perfectos y que \u00e9l que lo hizo ten\u00eda alg\u00fan tipo de conocimiento\u201d<\/em>, recuerda L\u00f3pez.<\/p>\n<p>En la causa se investig\u00f3 a un hombre de 44 a\u00f1os. <em>\u201cEstaba como enamorado de mi hija, creo que la persegu\u00eda. Muri\u00f3 en un accidente. Pero \u00e9l s\u00f3lo no pudo haber sido. A ella la tuvieron encerrada, atada de pies y manos con la boca tapada. La asfixiaron, la creyeron muerta y la cortaron en pedazos cuando todav\u00eda estaba viva. Ella se defendi\u00f3\u201d<\/em>, dice su mam\u00e1 con la voz quebrada.<\/p>\n<p>Seg\u00fan la autopsia, al momento de ser encontrado el cuerpo hac\u00eda aproximadamente 10 horas que estaba muerta.<\/p>\n<p>L\u00f3pez piensa que las amigas de su hija pueden saber algo m\u00e1s, que hubo contradicciones. Y reclama con desesperaci\u00f3n que quien sepa algo se acerque a la Justicia.<\/p>\n<p><em>\u201cEsto no lo pudo haber hecho una sola persona. Sus restos fueron arrojados a la calle. Pero en alguna casa la mataron y en alg\u00fan auto la trasladaron. Yo creo que estaba con gente que la conoc\u00eda, pero es la Justicia la que tiene que determinar qu\u00e9 fue lo que pas\u00f3\u201d<\/em>, sostiene Nilda.<\/p>\n<p><em>\u201cA pesar de que pasaron casi dos a\u00f1os, yo tengo esperanzas de que se esclarezca. Mientras yo respire, no voy a parar en la b\u00fasqueda de justicia\u201d<\/em>, dice la mam\u00e1 de Giannina y agrega:<em> \u201cEstoy desesperada\u201d<\/em>. Interviene la fiscal\u00eda 19 de Malvinas Argentinas.<\/p>\n<p>Quienes tengan datos y quieran percibir la recompensa deben presentarse en la fiscal\u00eda o en cualquier fiscal\u00eda general. O comunicarse al tel\u00e9fono 0221-429-3015.<\/p>\n<\/div>\n","protected":false},"excerpt":{"rendered":"<p>Lo expres\u00f3 la madre de una joven que fue hallada descuartizada en tres bolsas de residuos en febrero de 2010. Giannina Beatriz\u00a0Violante ten\u00eda 18 a\u00f1os cuando sali\u00f3 de su casa en Villa de Mayo, partido de Islas Malvinas, rumbo a Don Torcuato, a la casa de sus amigas. Era el 13 de febrero de 2010.&hellip;<\/p>\n","protected":false},"author":1,"featured_media":0,"comment_status":"open","ping_status":"open","sticky":false,"template":"","format":"standard","meta":{"footnotes":""},"categories":[25],"tags":[363,4488,10058,10060,10059],"class_list":["post-20679","post","type-post","status-publish","format-standard","hentry","category-sociedad","tag-asesinato","tag-don-torcuato","tag-giannina-beatriz-violante","tag-nilda-lopez","tag-villa-de-mayo"],"_links":{"self":[{"href":"https:\/\/www.elsindical.com.ar\/notas\/wp-json\/wp\/v2\/posts\/20679","targetHints":{"allow":["GET"]}}],"collection":[{"href":"https:\/\/www.elsindical.com.ar\/notas\/wp-json\/wp\/v2\/posts"}],"about":[{"href":"https:\/\/www.elsindical.com.ar\/notas\/wp-json\/wp\/v2\/types\/post"}],"author":[{"embeddable":true,"href":"https:\/\/www.elsindical.com.ar\/notas\/wp-json\/wp\/v2\/users\/1"}],"replies":[{"embeddable":true,"href":"https:\/\/www.elsindical.com.ar\/notas\/wp-json\/wp\/v2\/comments?post=20679"}],"version-history":[{"count":2,"href":"https:\/\/www.elsindical.com.ar\/notas\/wp-json\/wp\/v2\/posts\/20679\/revisions"}],"predecessor-version":[{"id":20682,"href":"https:\/\/www.elsindical.com.ar\/notas\/wp-json\/wp\/v2\/posts\/20679\/revisions\/20682"}],"wp:attachment":[{"href":"https:\/\/www.elsindical.com.ar\/notas\/wp-json\/wp\/v2\/media?parent=20679"}],"wp:term":[{"taxonomy":"category","embeddable":true,"href":"https:\/\/www.elsindical.com.ar\/notas\/wp-json\/wp\/v2\/categories?post=20679"},{"taxonomy":"post_tag","embeddable":true,"href":"https:\/\/www.elsindical.com.ar\/notas\/wp-json\/wp\/v2\/tags?post=20679"}],"curies":[{"name":"wp","href":"https:\/\/api.w.org\/{rel}","templated":true}]}}