{"id":20632,"date":"2012-01-20T19:18:52","date_gmt":"2012-01-20T22:18:52","guid":{"rendered":"http:\/\/www.elsindical.com.ar\/notas\/?p=20632"},"modified":"2012-01-20T19:18:52","modified_gmt":"2012-01-20T22:18:52","slug":"bonfatti-dice-ahora-que-la-camioneta-con-droga-no-era-de-desarrollo-social","status":"publish","type":"post","link":"https:\/\/www.elsindical.com.ar\/notas\/bonfatti-dice-ahora-que-la-camioneta-con-droga-no-era-de-desarrollo-social\/","title":{"rendered":"Bonfatti dice ahora que la camioneta con droga no era de Desarrollo Social"},"content":{"rendered":"<p style=\"text-align: justify;\"><em><a href=\"http:\/\/www.elsindical.com.ar\/notas\/var\/www\/html\/notas\/wp-content\/uploads\/2012\/01\/camioneta-con-marihuna-Santa-Fe.jpg\"><img loading=\"lazy\" decoding=\"async\" class=\"alignleft size-medium wp-image-20633\" title=\"camioneta-con-marihuna-Santa-Fe\" src=\"http:\/\/www.elsindical.com.ar\/notas\/var\/www\/html\/notas\/wp-content\/uploads\/2012\/01\/camioneta-con-marihuna-Santa-Fe-300x248.jpg\" alt=\"\" width=\"300\" height=\"248\" srcset=\"https:\/\/www.elsindical.com.ar\/notas\/var\/www\/html\/notas\/wp-content\/uploads\/2012\/01\/camioneta-con-marihuna-Santa-Fe-300x248.jpg 300w, https:\/\/www.elsindical.com.ar\/notas\/var\/www\/html\/notas\/wp-content\/uploads\/2012\/01\/camioneta-con-marihuna-Santa-Fe.jpg 413w\" sizes=\"auto, (max-width: 300px) 100vw, 300px\" \/><\/a>Igual, el gobernador santafesino confirm\u00f3 que las ruedas eran de esa cartera nacional.<\/em><\/p>\n<p style=\"text-align: justify;\">El gobernador santafesino, Antonio Bonfatti, busc\u00f3 ponerle punto final a la pol\u00e9mica con la Naci\u00f3n por el hallazgo a la vera de una ruta de su provincia de 450 kilogramos de marihuana dentro de una camioneta con inscripciones del Ministerio de Desarrollo Social.<\/p>\n<p style=\"text-align: justify;\">En l\u00ednea con las aclaraciones que hizo la cartera que conduce Alicia Kirchner, el gobernador afirm\u00f3 que esa combi <strong>\u201cno es del Ministerio de Desarrollo Social\u201d<\/strong>sino que solamente \u201cten\u00eda el logo de Desarrollo Social\u201d. \u201cPor eso no estamos acusando a la Naci\u00f3n, de ninguna manera\u201d, sostuvo en declaraciones a radio <strong>Dos.<\/strong><\/p>\n<p style=\"text-align: justify;\">El gobernador confirm\u00f3 sin embargo que hab\u00edan encontrado \u201calgunos comprobantes de una compra de neum\u00e1ticos a nombre de Desarrollo Social, lo que no quiere decir que sea Desarrollo Social. Que investigue la Justicia, para eso est\u00e1\u201d.<\/p>\n<p style=\"text-align: justify;\">Y neg\u00f3 que hubiera sospechas sobre la cartera que conduce la cu\u00f1ada presidencial: \u201cNo es sospechoso, porque no se puede sospechar a un ministerio porque haya un tercero, alguien que ha tenido una tercerizaci\u00f3n de un veh\u00edculo que est\u00e1 a nombre de otra empresa y que est\u00e1 prestando un servicio para la Naci\u00f3n\u201d.<\/p>\n<p style=\"text-align: justify;\">Bonfatti defendi\u00f3 as\u00ed a su ministro de Seguridad, Leandro Corti, quien \u201cno dijo m\u00e1s de lo que dije yo, que los neum\u00e1ticos estaban a nombre del Ministerio de Desarrollo Social en una factura que se encontr\u00f3 dentro de la guantera\u201d.<\/p>\n<p style=\"text-align: justify;\">La camioneta Mercedes Benz Spring fue hallada abandonada el domingo en Santo Domingo, Santa Fe, a la altura del kil\u00f3metro 42 de la ruta provincial 4. Llevaba 26 bultos con casi 500 ladrillos de marihuana. La polic\u00eda santafesina cree que el conductor se durmi\u00f3 y termin\u00f3 en un zanj\u00f3n. Y al no poder rescatar la camioneta la abandonaron.<\/p>\n<p style=\"text-align: justify;\">Se encontr\u00f3 tambi\u00e9n una c\u00e9dula verde que indicar\u00eda que el veh\u00edculo pertenece a la empresa DDC SRL con domicilio en Banfield.<\/p>\n<p style=\"text-align: justify;\">Desarrollo Social deslind\u00f3 cualquier v\u00ednculo y en un comunicado expres\u00f3 que la combi estaba \u201cploteada con leyendas burdamente falsificadas\u201d, y que no pertenec\u00eda ni hab\u00eda sido contratada por el Ministerio. Y critic\u00f3 a <strong> Clar\u00edn<\/strong> , que dio la noticia, y al ministro de Seguridad provincial por \u201cfalta de rigurosidad\u201d por las declaraciones que hizo. Desarrollo Social se present\u00f3 como querellante en la causa que lleva adelante el juzgado federal 2 de Santa Fe. En esa oportunidad el jefe de polic\u00eda de la provincia, Comisario Hugo Tognoli, dijo que \u201ccreemos que el conductor se durmi\u00f3 y termin\u00f3 en un zanj\u00f3n. Como no pudieron sacarla, el conductor fue rescatado por otros veh\u00edculos y huy\u00f3\u201d.<\/p>\n<p style=\"text-align: justify;\">Fuente:Clar\u00edn<\/p>\n","protected":false},"excerpt":{"rendered":"<p>Igual, el gobernador santafesino confirm\u00f3 que las ruedas eran de esa cartera nacional. El gobernador santafesino, Antonio Bonfatti, busc\u00f3 ponerle punto final a la pol\u00e9mica con la Naci\u00f3n por el hallazgo a la vera de una ruta de su provincia de 450 kilogramos de marihuana dentro de una camioneta con inscripciones del Ministerio de Desarrollo&hellip;<\/p>\n","protected":false},"author":1,"featured_media":0,"comment_status":"open","ping_status":"open","sticky":false,"template":"","format":"standard","meta":{"footnotes":""},"categories":[13],"tags":[10044,10042,10043,664,665,609],"class_list":["post-20632","post","type-post","status-publish","format-standard","hentry","category-politica","tag-antonio-bonfatti","tag-camionta","tag-comisario-hugo-tognoli","tag-marihuana","tag-ministerio-de-desarrollo-social","tag-santa-fe"],"_links":{"self":[{"href":"https:\/\/www.elsindical.com.ar\/notas\/wp-json\/wp\/v2\/posts\/20632","targetHints":{"allow":["GET"]}}],"collection":[{"href":"https:\/\/www.elsindical.com.ar\/notas\/wp-json\/wp\/v2\/posts"}],"about":[{"href":"https:\/\/www.elsindical.com.ar\/notas\/wp-json\/wp\/v2\/types\/post"}],"author":[{"embeddable":true,"href":"https:\/\/www.elsindical.com.ar\/notas\/wp-json\/wp\/v2\/users\/1"}],"replies":[{"embeddable":true,"href":"https:\/\/www.elsindical.com.ar\/notas\/wp-json\/wp\/v2\/comments?post=20632"}],"version-history":[{"count":1,"href":"https:\/\/www.elsindical.com.ar\/notas\/wp-json\/wp\/v2\/posts\/20632\/revisions"}],"predecessor-version":[{"id":20634,"href":"https:\/\/www.elsindical.com.ar\/notas\/wp-json\/wp\/v2\/posts\/20632\/revisions\/20634"}],"wp:attachment":[{"href":"https:\/\/www.elsindical.com.ar\/notas\/wp-json\/wp\/v2\/media?parent=20632"}],"wp:term":[{"taxonomy":"category","embeddable":true,"href":"https:\/\/www.elsindical.com.ar\/notas\/wp-json\/wp\/v2\/categories?post=20632"},{"taxonomy":"post_tag","embeddable":true,"href":"https:\/\/www.elsindical.com.ar\/notas\/wp-json\/wp\/v2\/tags?post=20632"}],"curies":[{"name":"wp","href":"https:\/\/api.w.org\/{rel}","templated":true}]}}