{"id":20586,"date":"2012-01-19T09:16:14","date_gmt":"2012-01-19T12:16:14","guid":{"rendered":"http:\/\/www.elsindical.com.ar\/notas\/?p=20586"},"modified":"2012-01-19T09:16:14","modified_gmt":"2012-01-19T12:16:14","slug":"vuelven-a-detener-al-musico-pity-por-tenencia-ilegal-de-arma-de-guerra","status":"publish","type":"post","link":"https:\/\/www.elsindical.com.ar\/notas\/vuelven-a-detener-al-musico-pity-por-tenencia-ilegal-de-arma-de-guerra\/","title":{"rendered":"Vuelven a detener al m\u00fasico \u00abPity\u00bb por tenencia ilegal de arma de guerra"},"content":{"rendered":"<p style=\"text-align: justify;\"><em><a href=\"http:\/\/www.elsindical.com.ar\/notas\/var\/www\/html\/notas\/wp-content\/uploads\/2009\/12\/Pity-\u00c1lvarez1.jpg\"><img loading=\"lazy\" decoding=\"async\" class=\"alignleft size-full wp-image-2503\" title=\"Pity-\u00c1lvarez\" src=\"http:\/\/www.elsindical.com.ar\/notas\/var\/www\/html\/notas\/wp-content\/uploads\/2009\/12\/Pity-\u00c1lvarez1.jpg\" alt=\"\" width=\"266\" height=\"181\" \/><\/a>El l\u00edder de \u00abViejas Locas\u00bb ten\u00eda <strong>una pistola .45mm en su poder<\/strong> y fue arrestado en las \u00faltimas horas, seg\u00fan confirmaron fuentes policiales. El rockero ya tiene varias causas\u00a0 judiciales abiertas, una por herir de un disparo a su manager.<\/em><\/p>\n<p style=\"text-align: justify;\">El l\u00edder de la banda Viejas Locas, <strong>Cristian \u00abPity\u00bb \u00c1lvarez, fue detenido<\/strong> en las \u00faltimas horas por tenencia ilegal de arma de guerra, seg\u00fan confirmaron fuentes policiales.<\/p>\n<p style=\"text-align: justify;\">El m\u00fasico, que ya tuvo otros episodios similares, fue <strong>encontrado con una pistola .45mm en su poder<\/strong>, lo que motiv\u00f3 su arresto.<\/p>\n<p style=\"text-align: justify;\">En septiembre y octubre de 2010, \u00c1lvarez sum\u00f3 dos procesamientos por amenazar con un arma a la madre de una fan que le pidi\u00f3 una foto y romperle su celular y por portaci\u00f3n ileg\u00edtima de un arma de uso civil con la que hiri\u00f3 a su manager de un tiro en la pierna.<\/p>\n<p style=\"text-align: justify;\">Tras estos incidentes, el Juez Marcelo Zaval\u00eda orden\u00f3 la prisi\u00f3n preventiva, y el cantante sigui\u00f3 detenido en una cl\u00ednica privada, donde se rehabilitaba de su adicci\u00f3n a las drogas.<\/p>\n","protected":false},"excerpt":{"rendered":"<p>El l\u00edder de \u00abViejas Locas\u00bb ten\u00eda una pistola .45mm en su poder y fue arrestado en las \u00faltimas horas, seg\u00fan confirmaron fuentes policiales. El rockero ya tiene varias causas\u00a0 judiciales abiertas, una por herir de un disparo a su manager. El l\u00edder de la banda Viejas Locas, Cristian \u00abPity\u00bb \u00c1lvarez, fue detenido en las \u00faltimas&hellip;<\/p>\n","protected":false},"author":1,"featured_media":0,"comment_status":"open","ping_status":"open","sticky":false,"template":"","format":"standard","meta":{"footnotes":""},"categories":[22],"tags":[7321,10025,91,4417,30,10024,1156],"class_list":["post-20586","post","type-post","status-publish","format-standard","hentry","category-policiales","tag-causa-judicial","tag-cristian-alvarez","tag-detenido","tag-pity","tag-policia","tag-tenencia-ilegal-de-arma-de-guerra","tag-viejas-locas"],"_links":{"self":[{"href":"https:\/\/www.elsindical.com.ar\/notas\/wp-json\/wp\/v2\/posts\/20586","targetHints":{"allow":["GET"]}}],"collection":[{"href":"https:\/\/www.elsindical.com.ar\/notas\/wp-json\/wp\/v2\/posts"}],"about":[{"href":"https:\/\/www.elsindical.com.ar\/notas\/wp-json\/wp\/v2\/types\/post"}],"author":[{"embeddable":true,"href":"https:\/\/www.elsindical.com.ar\/notas\/wp-json\/wp\/v2\/users\/1"}],"replies":[{"embeddable":true,"href":"https:\/\/www.elsindical.com.ar\/notas\/wp-json\/wp\/v2\/comments?post=20586"}],"version-history":[{"count":2,"href":"https:\/\/www.elsindical.com.ar\/notas\/wp-json\/wp\/v2\/posts\/20586\/revisions"}],"predecessor-version":[{"id":20588,"href":"https:\/\/www.elsindical.com.ar\/notas\/wp-json\/wp\/v2\/posts\/20586\/revisions\/20588"}],"wp:attachment":[{"href":"https:\/\/www.elsindical.com.ar\/notas\/wp-json\/wp\/v2\/media?parent=20586"}],"wp:term":[{"taxonomy":"category","embeddable":true,"href":"https:\/\/www.elsindical.com.ar\/notas\/wp-json\/wp\/v2\/categories?post=20586"},{"taxonomy":"post_tag","embeddable":true,"href":"https:\/\/www.elsindical.com.ar\/notas\/wp-json\/wp\/v2\/tags?post=20586"}],"curies":[{"name":"wp","href":"https:\/\/api.w.org\/{rel}","templated":true}]}}