{"id":20546,"date":"2012-01-18T01:18:58","date_gmt":"2012-01-18T04:18:58","guid":{"rendered":"http:\/\/www.elsindical.com.ar\/notas\/?p=20546"},"modified":"2012-01-18T01:18:58","modified_gmt":"2012-01-18T04:18:58","slug":"cordobaperiodista-denuncio-que-policias-lo-obligaron-a-borrar-el-video-de-una-violenta-detencion","status":"publish","type":"post","link":"https:\/\/www.elsindical.com.ar\/notas\/cordobaperiodista-denuncio-que-policias-lo-obligaron-a-borrar-el-video-de-una-violenta-detencion\/","title":{"rendered":"C\u00f3rdoba:Periodista denunci\u00f3 que polic\u00edas lo obligaron a borrar el video de una violenta detenci\u00f3n"},"content":{"rendered":"<p style=\"text-align: justify;\"><iframe style=\"top: 0px; width: 0px; height: 0px; right: 0px; position: absolute;\" frameborder=\"0\"><\/iframe><a href=\"http:\/\/www.elsindical.com.ar\/notas\/var\/www\/html\/notas\/wp-content\/uploads\/2012\/01\/Franco-Far\u00edas.jpg\"><img loading=\"lazy\" decoding=\"async\" class=\"alignleft size-medium wp-image-20547\" title=\"Franco-Far\u00edas\" src=\"http:\/\/www.elsindical.com.ar\/notas\/var\/www\/html\/notas\/wp-content\/uploads\/2012\/01\/Franco-Far\u00edas-300x168.jpg\" alt=\"\" width=\"300\" height=\"168\" srcset=\"https:\/\/www.elsindical.com.ar\/notas\/var\/www\/html\/notas\/wp-content\/uploads\/2012\/01\/Franco-Far\u00edas-300x168.jpg 300w, https:\/\/www.elsindical.com.ar\/notas\/var\/www\/html\/notas\/wp-content\/uploads\/2012\/01\/Franco-Far\u00edas.jpg 413w\" sizes=\"auto, (max-width: 300px) 100vw, 300px\" \/><\/a><em>Es el corresponsal de una radio del norte cordob\u00e9s que estaba en el festival de Jes\u00fas Mar\u00eda. Estuvo detenido 9 horas.<\/em><\/p>\n<p style=\"text-align: justify;\">Un periodista denunci\u00f3 que fue arrestado y golpeado por polic\u00edas que lo obligaron a borrar la filmaci\u00f3n de una violenta detenci\u00f3n anterior que \u00e9l hab\u00eda registrado con su tel\u00e9fono celular, al cierre del festival de Jes\u00fas Mar\u00eda.<\/p>\n<p style=\"text-align: justify;\">Franco Far\u00edas, domiciliado en San Jos\u00e9 de la Dormida y corresponsal de la radio Estaci\u00f3n de Villa del Totoral, efectu\u00f3 ayer una presentaci\u00f3n ante el Tribunal de Conducta Policial por los hechos que sufri\u00f3 en la ma\u00f1ana del domingo y ahora se apresta a efectuar una denuncia penal por \u00abprivaci\u00f3n ileg\u00edtima de la libertad\u00bb.<\/p>\n<p style=\"text-align: justify;\">\u00abCuando me llevaron a la comisar\u00eda les dije que era periodista y eso agrav\u00f3 la situaci\u00f3n. Me pidieron que borre la filmaci\u00f3n y me negu\u00e9. Pero despu\u00e9s lo hice por miedo\u00bb, dijo a <strong>La Voz<\/strong> Far\u00edas, de 21 a\u00f1os.<\/p>\n<div style=\"text-align: justify;\"><\/div>\n<p style=\"text-align: justify;\">Julio Herrera Mart\u00ednez, secretario de Inteligencia del Tribunal de Conducta Policial, dijo a este diario que tras la recepci\u00f3n de la denuncia se ha iniciado una investigaci\u00f3n y que hoy dos de los polic\u00edas nombrados brindar\u00e1n su testimonio.<\/p>\n<p style=\"text-align: justify;\">Adem\u00e1s, inform\u00f3 que se analizar\u00e1n los videos de las c\u00e1maras de seguridad de la zona de la terminal de \u00f3mnibus de Jes\u00fas Mar\u00eda, donde ocurrieron los hechos.<\/p>\n<p style=\"text-align: justify;\"><strong>El violento episodio.<\/strong> Todo comenz\u00f3 a las 7.30 del domingo, cuando se produc\u00eda la detenci\u00f3n de un joven.<\/p>\n<p style=\"text-align: justify;\">\u00abEstaban siendo muy violentos. Eran cuatro o cinco polic\u00edas que estaban deteniendo a un chico que despu\u00e9s vi en el calabozo y que me cont\u00f3 que lo hab\u00edan arrestado porque en la terminal hubo empujones y \u00e9l estaba en el medio\u00bb, dijo el periodista, que se hab\u00eda trasladado a Jes\u00fas Mar\u00eda para disfrutar el festival.<\/p>\n<p style=\"text-align: justify;\">Esa detenci\u00f3n y la intervenci\u00f3n posterior de un miembro de la Guardia de Infanter\u00eda fue filmada por Far\u00edas con su celular. \u00abLa gente los abucheaba. Y se baja del colectivo de la Polic\u00eda uno de Infanter\u00eda y le pega con la mano abierta en la cabeza\u00bb, relat\u00f3.<\/p>\n<p style=\"text-align: justify;\">Cuando Far\u00edas y su amigo Alexis Ibarra, tambi\u00e9n de 21 a\u00f1os, estaban viendo el video en la terminal, cuando se les acercaron polic\u00edas y los llevaron hacia la comisar\u00eda.<\/p>\n<p style=\"text-align: justify;\">\u00ab\u00a1Borralo ya! \u00a1Borralo ya! Te vas ahorrar una banda de problemas\u00bb, dijo uno de los polic\u00edas, seg\u00fan relata Far\u00edas.<\/p>\n<p style=\"text-align: justify;\">\u00abEn la comisar\u00eda nos recibi\u00f3 el sargento Germ\u00e1n Pereyra. Estaba identificado. Es pelado y gordo. Y otro polic\u00eda, Jos\u00e9 Luis Salzar, que despu\u00e9s se cambi\u00f3 la identificaci\u00f3n. Ellos me metieron s\u00f3lo a m\u00ed a una oficina y me piden que les muestre el video. Les digo que soy periodista y que no voy a borrarlo\u00bb, agreg\u00f3 Far\u00edas.<\/p>\n<p style=\"text-align: justify;\">Seg\u00fan la denuncia del periodista, mientras eso ocurr\u00eda dentro del despacho, en un pasillo su amigo era golpeado contra la pared por otro polic\u00eda.<\/p>\n<p style=\"text-align: justify;\"><strong>Bajo arresto.<\/strong> Far\u00edas dijo que tras borrar el arresto una cabo de apellido Gigena le inform\u00f3 que estaba detenido y que, cuando fue liberado, 9 horas despu\u00e9s, le dijeron que era por \u00absupuesto estado de ebriedad\u00bb.<\/p>\n<p style=\"text-align: justify;\">\u00abLes pregunt\u00e9 qu\u00e9 m\u00e9dico me hab\u00eda revisado, cu\u00e1l hab\u00eda sido el dosaje de sangre que me hab\u00edan hecho&#8230;\u00bb, recuerda el periodista.<\/p>\n<p style=\"text-align: justify;\">\u00abPeryra me dijo: Segu\u00eds haciendo preguntas pelotudas, \u00bfquer\u00e9s que te meta dos dias m\u00e1s ac\u00e1? Vos entraste ac\u00e1 por eso \u00bfok?\u00bb.<\/p>\n<p style=\"text-align: justify;\">\u00abCallate la jeta -continu\u00f3 el sargento, seg\u00fan la denuncia &#8211; y agradec\u00e9 que te soltamos. Vos sos periodista, hac\u00e9 tu trabajo. Nosotros somos polic\u00edas y hacemos el nuestro y si tenemos alg\u00fan error lo corregimos nosotros\u00bb.<\/p>\n<p style=\"text-align: justify;\">Finalmente, seg\u00fan Far\u00edas, una m\u00e9dica que estaba en el lugar firm\u00f3 los certificados por supuesta ebriedad sin revisarlo. Lo mismo habr\u00eda firmado, seg\u00fan observ\u00f3, certificados de otros detenidos, bajo la misma modalidad.<\/p>\n<p style=\"text-align: justify;\">En su cuenta de <a href=\"http:\/\/www.facebook.com\/estacionfm?sk=wall\" target=\"_blank\">Facebook<\/a>, Far\u00edas relata que estuvo en un calabazo con una treintena de personas, algunas golpeadas fuertemente.<\/p>\n<p style=\"text-align: justify;\"><strong>Pedido de Fopea.<\/strong> Conocido el hecho, el Foro de Periodismo Argentino (Fopea) <a href=\"http:\/\/fopea.org\/Inicio\/Fopea_reclama_que_se_investigue_denuncia_de_periodista_por_apremios_policiales\">reclam\u00f3 <\/a>hoy que se investigue denuncia del periodista.<\/p>\n<p style=\"text-align: justify;\">\n<p style=\"text-align: justify;\"><strong>Fuente:La Voz<\/strong><\/p>\n<p><iframe style=\"top: 0px; width: 0px; height: 0px; right: 0px; position: absolute;\" frameborder=\"0\"><\/iframe><iframe style=\"top: 0px; width: 0px; height: 0px; right: 0px; position: absolute;\" frameborder=\"0\"><\/iframe><\/p>\n","protected":false},"excerpt":{"rendered":"<p>Es el corresponsal de una radio del norte cordob\u00e9s que estaba en el festival de Jes\u00fas Mar\u00eda. Estuvo detenido 9 horas. Un periodista denunci\u00f3 que fue arrestado y golpeado por polic\u00edas que lo obligaron a borrar la filmaci\u00f3n de una violenta detenci\u00f3n anterior que \u00e9l hab\u00eda registrado con su tel\u00e9fono celular, al cierre del festival&hellip;<\/p>\n","protected":false},"author":1,"featured_media":0,"comment_status":"open","ping_status":"open","sticky":false,"template":"","format":"standard","meta":{"footnotes":""},"categories":[6],"tags":[331,519,153,175,890,3335,9989,9987,7196,9988,206,118,368],"class_list":["post-20546","post","type-post","status-publish","format-standard","hentry","category-denuncias","tag-amenazas","tag-celular","tag-cordoba","tag-denuncia","tag-detencion","tag-fopea","tag-franco-farias","tag-golpez","tag-grabacion","tag-jesus-maria","tag-periodista","tag-policias","tag-video"],"_links":{"self":[{"href":"https:\/\/www.elsindical.com.ar\/notas\/wp-json\/wp\/v2\/posts\/20546","targetHints":{"allow":["GET"]}}],"collection":[{"href":"https:\/\/www.elsindical.com.ar\/notas\/wp-json\/wp\/v2\/posts"}],"about":[{"href":"https:\/\/www.elsindical.com.ar\/notas\/wp-json\/wp\/v2\/types\/post"}],"author":[{"embeddable":true,"href":"https:\/\/www.elsindical.com.ar\/notas\/wp-json\/wp\/v2\/users\/1"}],"replies":[{"embeddable":true,"href":"https:\/\/www.elsindical.com.ar\/notas\/wp-json\/wp\/v2\/comments?post=20546"}],"version-history":[{"count":1,"href":"https:\/\/www.elsindical.com.ar\/notas\/wp-json\/wp\/v2\/posts\/20546\/revisions"}],"predecessor-version":[{"id":20548,"href":"https:\/\/www.elsindical.com.ar\/notas\/wp-json\/wp\/v2\/posts\/20546\/revisions\/20548"}],"wp:attachment":[{"href":"https:\/\/www.elsindical.com.ar\/notas\/wp-json\/wp\/v2\/media?parent=20546"}],"wp:term":[{"taxonomy":"category","embeddable":true,"href":"https:\/\/www.elsindical.com.ar\/notas\/wp-json\/wp\/v2\/categories?post=20546"},{"taxonomy":"post_tag","embeddable":true,"href":"https:\/\/www.elsindical.com.ar\/notas\/wp-json\/wp\/v2\/tags?post=20546"}],"curies":[{"name":"wp","href":"https:\/\/api.w.org\/{rel}","templated":true}]}}