{"id":20522,"date":"2012-01-17T17:04:34","date_gmt":"2012-01-17T20:04:34","guid":{"rendered":"http:\/\/www.elsindical.com.ar\/notas\/?p=20522"},"modified":"2012-01-17T17:04:34","modified_gmt":"2012-01-17T20:04:34","slug":"lomas-de-zamoramatan-a-un-joven-de-un-disparo-en-la-cabeza-en-ingeniero-budge","status":"publish","type":"post","link":"https:\/\/www.elsindical.com.ar\/notas\/lomas-de-zamoramatan-a-un-joven-de-un-disparo-en-la-cabeza-en-ingeniero-budge\/","title":{"rendered":"Lomas de Zamora:Matan a un joven de un disparo en la cabeza en Ingeniero Budge"},"content":{"rendered":"<p style=\"text-align: justify;\"><em><a href=\"http:\/\/www.elsindical.com.ar\/notas\/var\/www\/html\/notas\/wp-content\/uploads\/2011\/08\/disparo-rev\u00f3lver.jpg\"><img loading=\"lazy\" decoding=\"async\" class=\"alignleft size-medium wp-image-16192\" title=\"disparo-rev\u00f3lver\" src=\"http:\/\/www.elsindical.com.ar\/notas\/var\/www\/html\/notas\/wp-content\/uploads\/2011\/08\/disparo-rev\u00f3lver-300x248.jpg\" alt=\"\" width=\"300\" height=\"248\" srcset=\"https:\/\/www.elsindical.com.ar\/notas\/var\/www\/html\/notas\/wp-content\/uploads\/2011\/08\/disparo-rev\u00f3lver-300x248.jpg 300w, https:\/\/www.elsindical.com.ar\/notas\/var\/www\/html\/notas\/wp-content\/uploads\/2011\/08\/disparo-rev\u00f3lver.jpg 413w\" sizes=\"auto, (max-width: 300px) 100vw, 300px\" \/><\/a>Un joven fue asesinado de un balazo en la cabeza cuando caminaba con su novia por la localidad bonaerense de Ingeniero Budge, partido de Lomas de Zamora, donde la polic\u00eda trataba de establecer si fue un intento de robo o un ajuste de cuentas. La polic\u00eda identific\u00f3 a la v\u00edctima como Walter Colin, de 24 a\u00f1os.<\/em><\/p>\n<p style=\"text-align: justify;\">Fuentes de la comisar\u00eda de Ingeniero Budge informaron que el hecho fue cometido en la madrugada del domingo, alrededor de las 05:00 hs., cuando la v\u00edctima y su novia cruzaban las v\u00edas del ex Ferrocarril Belgrano Sur a la altura de la calle Claudio de Alas.<\/p>\n<p style=\"text-align: justify;\">Colin, gravemente herido de un balazo en la cabeza, fue trasladado a un centro asistencial de la zona, donde muri\u00f3. Tom\u00f3 intervenci\u00f3n la comisar\u00eda d\u00e9cima de Lomas de Zamora, donde se instruyeron las primeras actuaciones por \u00abhomicidio\u00bb.<\/p>\n","protected":false},"excerpt":{"rendered":"<p>Un joven fue asesinado de un balazo en la cabeza cuando caminaba con su novia por la localidad bonaerense de Ingeniero Budge, partido de Lomas de Zamora, donde la polic\u00eda trataba de establecer si fue un intento de robo o un ajuste de cuentas. La polic\u00eda identific\u00f3 a la v\u00edctima como Walter Colin, de 24&hellip;<\/p>\n","protected":false},"author":1,"featured_media":0,"comment_status":"open","ping_status":"open","sticky":false,"template":"","format":"standard","meta":{"footnotes":""},"categories":[22],"tags":[9977,1227,388,746,744,749,9976],"class_list":["post-20522","post","type-post","status-publish","format-standard","hentry","category-policiales","tag-balazo","tag-comisaria","tag-disparo","tag-ingeniero-budge","tag-lomas-de-zamora","tag-policia-bonaerense","tag-walter-colin"],"_links":{"self":[{"href":"https:\/\/www.elsindical.com.ar\/notas\/wp-json\/wp\/v2\/posts\/20522","targetHints":{"allow":["GET"]}}],"collection":[{"href":"https:\/\/www.elsindical.com.ar\/notas\/wp-json\/wp\/v2\/posts"}],"about":[{"href":"https:\/\/www.elsindical.com.ar\/notas\/wp-json\/wp\/v2\/types\/post"}],"author":[{"embeddable":true,"href":"https:\/\/www.elsindical.com.ar\/notas\/wp-json\/wp\/v2\/users\/1"}],"replies":[{"embeddable":true,"href":"https:\/\/www.elsindical.com.ar\/notas\/wp-json\/wp\/v2\/comments?post=20522"}],"version-history":[{"count":2,"href":"https:\/\/www.elsindical.com.ar\/notas\/wp-json\/wp\/v2\/posts\/20522\/revisions"}],"predecessor-version":[{"id":20524,"href":"https:\/\/www.elsindical.com.ar\/notas\/wp-json\/wp\/v2\/posts\/20522\/revisions\/20524"}],"wp:attachment":[{"href":"https:\/\/www.elsindical.com.ar\/notas\/wp-json\/wp\/v2\/media?parent=20522"}],"wp:term":[{"taxonomy":"category","embeddable":true,"href":"https:\/\/www.elsindical.com.ar\/notas\/wp-json\/wp\/v2\/categories?post=20522"},{"taxonomy":"post_tag","embeddable":true,"href":"https:\/\/www.elsindical.com.ar\/notas\/wp-json\/wp\/v2\/tags?post=20522"}],"curies":[{"name":"wp","href":"https:\/\/api.w.org\/{rel}","templated":true}]}}