{"id":20475,"date":"2012-01-16T14:44:30","date_gmt":"2012-01-16T17:44:30","guid":{"rendered":"http:\/\/www.elsindical.com.ar\/notas\/?p=20475"},"modified":"2012-01-16T14:44:30","modified_gmt":"2012-01-16T17:44:30","slug":"la-plataasaltaron-la-casa-del-juez-federal-manuel-blanco","status":"publish","type":"post","link":"https:\/\/www.elsindical.com.ar\/notas\/la-plataasaltaron-la-casa-del-juez-federal-manuel-blanco\/","title":{"rendered":"La Plata:Asaltaron la casa del Juez Federal Manuel Blanco"},"content":{"rendered":"<div style=\"text-align: justify;\">\n<p><em><a href=\"http:\/\/www.elsindical.com.ar\/notas\/var\/www\/html\/notas\/wp-content\/uploads\/2012\/01\/Juez-Federal-Manuel-Blanco.jpg\"><img loading=\"lazy\" decoding=\"async\" class=\"alignleft size-medium wp-image-20476\" title=\"Juez-Federal-Manuel-Blanco\" src=\"http:\/\/www.elsindical.com.ar\/notas\/var\/www\/html\/notas\/wp-content\/uploads\/2012\/01\/Juez-Federal-Manuel-Blanco-300x215.jpg\" alt=\"\" width=\"300\" height=\"215\" srcset=\"https:\/\/www.elsindical.com.ar\/notas\/var\/www\/html\/notas\/wp-content\/uploads\/2012\/01\/Juez-Federal-Manuel-Blanco-300x215.jpg 300w, https:\/\/www.elsindical.com.ar\/notas\/var\/www\/html\/notas\/wp-content\/uploads\/2012\/01\/Juez-Federal-Manuel-Blanco.jpg 413w\" sizes=\"auto, (max-width: 300px) 100vw, 300px\" \/><\/a>Un grupo de delincuentes ingres\u00f3 a la vivienda del magistrado, quien se encuentra de vacaciones. Seg\u00fan fuentes policiales, <strong>los ladrones ingresaron por el patio y robaron joyas. No hay detenidos.<\/strong><\/em><\/p>\n<\/div>\n<div style=\"text-align: justify;\">\n<p>Un grupo de delincuentes ingres\u00f3 a la casa del <strong>Juez federal de La Plata Manuel Blanco<\/strong>, que se encontraba de vacaciones, y robaron joyas y otros objetos de valor, seg\u00fan informaron fuentes policiales.<\/p>\n<p>El robo, dado a conocer hoy, ocurri\u00f3 hace 10 d\u00edas en la vivienda de Blanco, ubicada en la calle 44, entre 20 y 21, de La Plata. El domicilio se encontraba vac\u00edo porque tanto el magistrado como su familia estaban de vacaciones.<\/p>\n<p><strong>Los ladrones forzaron una ventana del patio e ingresaron al interior de la casa<\/strong>, donde revisaron las dependencias en busca de dinero y otros objetos de valor.<\/p>\n<p>Seg\u00fan consta en la denuncia radicada ante la Fiscal\u00eda n\u00famero 9, se ignoran los autores del delito, quienes se apoderaron de alhajas y huyeron sin que hayan sido detenidos a\u00fan.<\/p>\n<p>Fuentes judiciales precisaron que \u00abse detectaron unas huellas digitales que ser\u00e1n enviadas a la Polic\u00eda para su cotejo\u00bb con el fin de identificar a los autores del hecho.<\/p>\n<\/div>\n","protected":false},"excerpt":{"rendered":"<p>Un grupo de delincuentes ingres\u00f3 a la vivienda del magistrado, quien se encuentra de vacaciones. Seg\u00fan fuentes policiales, los ladrones ingresaron por el patio y robaron joyas. No hay detenidos. Un grupo de delincuentes ingres\u00f3 a la casa del Juez federal de La Plata Manuel Blanco, que se encontraba de vacaciones, y robaron joyas y&hellip;<\/p>\n","protected":false},"author":1,"featured_media":0,"comment_status":"open","ping_status":"open","sticky":false,"template":"","format":"standard","meta":{"footnotes":""},"categories":[22],"tags":[1113,1413,9942,1333,4370,9941],"class_list":["post-20475","post","type-post","status-publish","format-standard","hentry","category-policiales","tag-casa","tag-joyas","tag-juez-federal-manuel-blanco","tag-ladrones","tag-magistrado","tag-ufi-9"],"_links":{"self":[{"href":"https:\/\/www.elsindical.com.ar\/notas\/wp-json\/wp\/v2\/posts\/20475","targetHints":{"allow":["GET"]}}],"collection":[{"href":"https:\/\/www.elsindical.com.ar\/notas\/wp-json\/wp\/v2\/posts"}],"about":[{"href":"https:\/\/www.elsindical.com.ar\/notas\/wp-json\/wp\/v2\/types\/post"}],"author":[{"embeddable":true,"href":"https:\/\/www.elsindical.com.ar\/notas\/wp-json\/wp\/v2\/users\/1"}],"replies":[{"embeddable":true,"href":"https:\/\/www.elsindical.com.ar\/notas\/wp-json\/wp\/v2\/comments?post=20475"}],"version-history":[{"count":1,"href":"https:\/\/www.elsindical.com.ar\/notas\/wp-json\/wp\/v2\/posts\/20475\/revisions"}],"predecessor-version":[{"id":20477,"href":"https:\/\/www.elsindical.com.ar\/notas\/wp-json\/wp\/v2\/posts\/20475\/revisions\/20477"}],"wp:attachment":[{"href":"https:\/\/www.elsindical.com.ar\/notas\/wp-json\/wp\/v2\/media?parent=20475"}],"wp:term":[{"taxonomy":"category","embeddable":true,"href":"https:\/\/www.elsindical.com.ar\/notas\/wp-json\/wp\/v2\/categories?post=20475"},{"taxonomy":"post_tag","embeddable":true,"href":"https:\/\/www.elsindical.com.ar\/notas\/wp-json\/wp\/v2\/tags?post=20475"}],"curies":[{"name":"wp","href":"https:\/\/api.w.org\/{rel}","templated":true}]}}