{"id":20472,"date":"2012-01-16T14:37:55","date_gmt":"2012-01-16T17:37:55","guid":{"rendered":"http:\/\/www.elsindical.com.ar\/notas\/?p=20472"},"modified":"2012-01-16T14:37:55","modified_gmt":"2012-01-16T17:37:55","slug":"los-polvorinesasesinan-a-una-abuela-en-un-robo-y-dejan-malherido-al-esposo","status":"publish","type":"post","link":"https:\/\/www.elsindical.com.ar\/notas\/los-polvorinesasesinan-a-una-abuela-en-un-robo-y-dejan-malherido-al-esposo\/","title":{"rendered":"Los Polvorines:Asesinan a una abuela en un robo y dejan malherido al esposo"},"content":{"rendered":"<p style=\"text-align: justify;\"><em><a href=\"http:\/\/www.elsindical.com.ar\/notas\/var\/www\/html\/notas\/wp-content\/uploads\/2011\/10\/Superintendente-Osvaldo-Cas.jpg\"><img loading=\"lazy\" decoding=\"async\" class=\"alignleft size-medium wp-image-17893\" title=\"Superintendente-Osvaldo-Cas\" src=\"http:\/\/www.elsindical.com.ar\/notas\/var\/www\/html\/notas\/wp-content\/uploads\/2011\/10\/Superintendente-Osvaldo-Cas-300x241.jpg\" alt=\"\" width=\"300\" height=\"241\" srcset=\"https:\/\/www.elsindical.com.ar\/notas\/var\/www\/html\/notas\/wp-content\/uploads\/2011\/10\/Superintendente-Osvaldo-Cas-300x241.jpg 300w, https:\/\/www.elsindical.com.ar\/notas\/var\/www\/html\/notas\/wp-content\/uploads\/2011\/10\/Superintendente-Osvaldo-Cas.jpg 325w\" sizes=\"auto, (max-width: 300px) 100vw, 300px\" \/><\/a>Un grupo de delincuentes golpe\u00f3 a un jubilado y mat\u00f3 a su esposa durante\u00a0 un asalto en su casa. Un\u00a0 hijo del matrimonio hall\u00f3 a su\u00a0 madre muerta y a su padre herido.<\/em><\/p>\n<p style=\"text-align: justify;\">Un grupo de delincuentes golpe\u00f3 a un jubilado y mat\u00f3 a su esposa durante un asalto en su casa, en la localidad bonaerense de Los Polvorines. Un hijo del matrimonio, que ayer a las 09:00 hs.\u00a0fue de visita al lugar, hall\u00f3 a su madre muerta y a su padre herido. Los m\u00e9dicos de la polic\u00eda constataron que la pareja presentaba fracturas en distintas partes del cuerpo que se agravaron por la edad.<\/p>\n<p style=\"text-align: justify;\">Aldo, de 75 a\u00f1os, y Raquel, de 80, viv\u00edan solos en un inmueble situado en Boedo al 1800, en esa localidad del partido de Malvinas Argentinas, en el noroeste del conurbano. \u201cPosiblemente se hayan llevado alg\u00fan objeto pero no de demasiado valor\u201d, explic\u00f3 el Comisario General Osvaldo Castelli.<\/p>\n<p style=\"text-align: justify;\">Los investigadores sospechan que no fueron m\u00e1s de dos los ladrones que entraron a la propiedad forzando una de las persianas, en alg\u00fan momento de la madrugada, mientras la pareja de abuelos dorm\u00eda.<\/p>\n","protected":false},"excerpt":{"rendered":"<p>Un grupo de delincuentes golpe\u00f3 a un jubilado y mat\u00f3 a su esposa durante\u00a0 un asalto en su casa. Un\u00a0 hijo del matrimonio hall\u00f3 a su\u00a0 madre muerta y a su padre herido. Un grupo de delincuentes golpe\u00f3 a un jubilado y mat\u00f3 a su esposa durante un asalto en su casa, en la localidad&hellip;<\/p>\n","protected":false},"author":1,"featured_media":0,"comment_status":"open","ping_status":"open","sticky":false,"template":"","format":"standard","meta":{"footnotes":""},"categories":[22],"tags":[9939,3842,1048,9938,2982,4336,9940],"class_list":["post-20472","post","type-post","status-publish","format-standard","hentry","category-policiales","tag-aldo","tag-ancianos","tag-asesinada","tag-crio-gral-osvaldo-castelli","tag-los-polvorines","tag-malvinas-argentinas","tag-raquel"],"_links":{"self":[{"href":"https:\/\/www.elsindical.com.ar\/notas\/wp-json\/wp\/v2\/posts\/20472","targetHints":{"allow":["GET"]}}],"collection":[{"href":"https:\/\/www.elsindical.com.ar\/notas\/wp-json\/wp\/v2\/posts"}],"about":[{"href":"https:\/\/www.elsindical.com.ar\/notas\/wp-json\/wp\/v2\/types\/post"}],"author":[{"embeddable":true,"href":"https:\/\/www.elsindical.com.ar\/notas\/wp-json\/wp\/v2\/users\/1"}],"replies":[{"embeddable":true,"href":"https:\/\/www.elsindical.com.ar\/notas\/wp-json\/wp\/v2\/comments?post=20472"}],"version-history":[{"count":2,"href":"https:\/\/www.elsindical.com.ar\/notas\/wp-json\/wp\/v2\/posts\/20472\/revisions"}],"predecessor-version":[{"id":20474,"href":"https:\/\/www.elsindical.com.ar\/notas\/wp-json\/wp\/v2\/posts\/20472\/revisions\/20474"}],"wp:attachment":[{"href":"https:\/\/www.elsindical.com.ar\/notas\/wp-json\/wp\/v2\/media?parent=20472"}],"wp:term":[{"taxonomy":"category","embeddable":true,"href":"https:\/\/www.elsindical.com.ar\/notas\/wp-json\/wp\/v2\/categories?post=20472"},{"taxonomy":"post_tag","embeddable":true,"href":"https:\/\/www.elsindical.com.ar\/notas\/wp-json\/wp\/v2\/tags?post=20472"}],"curies":[{"name":"wp","href":"https:\/\/api.w.org\/{rel}","templated":true}]}}