{"id":20466,"date":"2012-01-16T13:53:12","date_gmt":"2012-01-16T16:53:12","guid":{"rendered":"http:\/\/www.elsindical.com.ar\/notas\/?p=20466"},"modified":"2012-01-16T13:53:12","modified_gmt":"2012-01-16T16:53:12","slug":"tucumanmataron-a-una-chica-de-14-anos-para-robarle-el-celular","status":"publish","type":"post","link":"https:\/\/www.elsindical.com.ar\/notas\/tucumanmataron-a-una-chica-de-14-anos-para-robarle-el-celular\/","title":{"rendered":"Tucum\u00e1n:mataron a una chica de 14 a\u00f1os para robarle el celular"},"content":{"rendered":"<p style=\"text-align: justify;\"><em><a href=\"http:\/\/www.elsindical.com.ar\/notas\/var\/www\/html\/notas\/wp-content\/uploads\/2012\/01\/llanto-amigos.jpg\"><img loading=\"lazy\" decoding=\"async\" class=\"alignleft size-medium wp-image-20467\" title=\"llanto-amigos\" src=\"http:\/\/www.elsindical.com.ar\/notas\/var\/www\/html\/notas\/wp-content\/uploads\/2012\/01\/llanto-amigos-300x225.jpg\" alt=\"\" width=\"300\" height=\"225\" srcset=\"https:\/\/www.elsindical.com.ar\/notas\/var\/www\/html\/notas\/wp-content\/uploads\/2012\/01\/llanto-amigos-300x225.jpg 300w, https:\/\/www.elsindical.com.ar\/notas\/var\/www\/html\/notas\/wp-content\/uploads\/2012\/01\/llanto-amigos.jpg 413w\" sizes=\"auto, (max-width: 300px) 100vw, 300px\" \/><\/a>La menor fue asesinada de un tiro en la cabeza por <strong>un delincuente <\/strong>que la intercept\u00f3 cuando regresaba de una fiesta de 15.<strong> Adem\u00e1s del tel\u00e9fono, el ladr\u00f3n quiso sacarle una c\u00e1mara de fotos. Hay un detenido<\/strong>.<\/em><\/p>\n<p style=\"text-align: justify;\">Constanza Luc\u00eda Gonz\u00e1lez, de 14 a\u00f1os, regresaba a su casa en Alderetes, una localidad ubicada a 6 kil\u00f3metros de San Miguel de Tucum\u00e1n, cuando fue sorprendida por un ladr\u00f3n que <strong>la asesin\u00f3 de un balazo en la sien<\/strong> luego de intentar robarle algunas pertenencias.<\/p>\n<p style=\"text-align: justify;\">La menor hab\u00eda asistido a un cumplea\u00f1os de 15 y el s\u00e1bado por la madrugada volv\u00eda en un taxi con unas amigas. Al llegar a su vivienda, baj\u00f3 del auto y un joven la acompa\u00f1\u00f3 hasta la puerta, donde se quedaron conversando hasta que la ni\u00f1a decidi\u00f3 tocar el timbre.<\/p>\n<p style=\"text-align: justify;\">En ese momento el delincuente aprovech\u00f3 que el acompa\u00f1ante se retir\u00f3 y se abalanz\u00f3 sobre ella con la <strong>intenci\u00f3n de quitarle la c\u00e1mara de fotos y el celular que ten\u00eda en la mano<\/strong>. Luego de un forcejeo el ladr\u00f3n le dispar\u00f3 en la sien y huy\u00f3.<\/p>\n<p style=\"text-align: justify;\">Cuando el padre de Constanza, Jos\u00e9 Gonz\u00e1lez, abri\u00f3 la puerta encontr\u00f3 a su hija tirada en la vereda ya muerta. Seg\u00fan relataron algunos vecinos, la menor ten\u00eda las pertenencias en sus manos.<\/p>\n<p style=\"text-align: justify;\">La Polic\u00eda lleg\u00f3 20 minutos despu\u00e9s y luego lo hizo la ambulancia. Los familiares de la v\u00edctima manifestaron su enojo con la situaci\u00f3n, ya que tardaron 16 horas en entregarles el cuerpo para que sea velado.<\/p>\n<p style=\"text-align: justify;\">\u00abYo tengo versiones de que la m\u00e9dica forense no estaba en Tucum\u00e1n, pero ella estaba de guardia y ten\u00eda que estar ac\u00e1\u00bb, reclam\u00f3 Roberto Millares, abuelo materno de Constanza.<\/p>\n<p style=\"text-align: justify;\">El hombre estaba indignado porque, seg\u00fan \u00e9l, no se acerc\u00f3 ninguna autoridad policial a informarles si hab\u00eda novedades. \u00abYo tuve que ir a la comisar\u00eda con unos familiares y ah\u00ed me enter\u00e9 de que hab\u00eda un sospechoso aprehendido; nadie m\u00e1s se acerc\u00f3\u00bb, agreg\u00f3 en declaraciones a un diario local.<\/p>\n","protected":false},"excerpt":{"rendered":"<p>La menor fue asesinada de un tiro en la cabeza por un delincuente que la intercept\u00f3 cuando regresaba de una fiesta de 15. Adem\u00e1s del tel\u00e9fono, el ladr\u00f3n quiso sacarle una c\u00e1mara de fotos. Hay un detenido. Constanza Luc\u00eda Gonz\u00e1lez, de 14 a\u00f1os, regresaba a su casa en Alderetes, una localidad ubicada a 6 kil\u00f3metros&hellip;<\/p>\n","protected":false},"author":1,"featured_media":0,"comment_status":"open","ping_status":"open","sticky":false,"template":"","format":"standard","meta":{"footnotes":""},"categories":[22],"tags":[9935,519,9936,388,116,3121],"class_list":["post-20466","post","type-post","status-publish","format-standard","hentry","category-policiales","tag-alderetes","tag-celular","tag-constanza-lucia-gonzalez","tag-disparo","tag-robo","tag-tucuman"],"_links":{"self":[{"href":"https:\/\/www.elsindical.com.ar\/notas\/wp-json\/wp\/v2\/posts\/20466","targetHints":{"allow":["GET"]}}],"collection":[{"href":"https:\/\/www.elsindical.com.ar\/notas\/wp-json\/wp\/v2\/posts"}],"about":[{"href":"https:\/\/www.elsindical.com.ar\/notas\/wp-json\/wp\/v2\/types\/post"}],"author":[{"embeddable":true,"href":"https:\/\/www.elsindical.com.ar\/notas\/wp-json\/wp\/v2\/users\/1"}],"replies":[{"embeddable":true,"href":"https:\/\/www.elsindical.com.ar\/notas\/wp-json\/wp\/v2\/comments?post=20466"}],"version-history":[{"count":2,"href":"https:\/\/www.elsindical.com.ar\/notas\/wp-json\/wp\/v2\/posts\/20466\/revisions"}],"predecessor-version":[{"id":20469,"href":"https:\/\/www.elsindical.com.ar\/notas\/wp-json\/wp\/v2\/posts\/20466\/revisions\/20469"}],"wp:attachment":[{"href":"https:\/\/www.elsindical.com.ar\/notas\/wp-json\/wp\/v2\/media?parent=20466"}],"wp:term":[{"taxonomy":"category","embeddable":true,"href":"https:\/\/www.elsindical.com.ar\/notas\/wp-json\/wp\/v2\/categories?post=20466"},{"taxonomy":"post_tag","embeddable":true,"href":"https:\/\/www.elsindical.com.ar\/notas\/wp-json\/wp\/v2\/tags?post=20466"}],"curies":[{"name":"wp","href":"https:\/\/api.w.org\/{rel}","templated":true}]}}