{"id":20461,"date":"2012-01-16T00:50:42","date_gmt":"2012-01-16T03:50:42","guid":{"rendered":"http:\/\/www.elsindical.com.ar\/notas\/?p=20461"},"modified":"2012-01-18T13:58:37","modified_gmt":"2012-01-18T16:58:37","slug":"investigan-si-la-camioneta-con-marihuana-era-trucha-o-del-gobierno","status":"publish","type":"post","link":"https:\/\/www.elsindical.com.ar\/notas\/investigan-si-la-camioneta-con-marihuana-era-trucha-o-del-gobierno\/","title":{"rendered":"Investigan si la camioneta con marihuana era \u00abtrucha\u00bb o del Gobierno"},"content":{"rendered":"<p style=\"text-align: justify;\"><em><a href=\"http:\/\/www.elsindical.com.ar\/notas\/var\/www\/html\/notas\/wp-content\/uploads\/2012\/01\/camioneta-desarrollo-social-drogas.jpg\"><img loading=\"lazy\" decoding=\"async\" class=\"alignleft size-medium wp-image-20462\" title=\"camioneta-desarrollo-social-drogas\" src=\"http:\/\/www.elsindical.com.ar\/notas\/var\/www\/html\/notas\/wp-content\/uploads\/2012\/01\/camioneta-desarrollo-social-drogas-300x206.jpg\" alt=\"\" width=\"300\" height=\"206\" srcset=\"https:\/\/www.elsindical.com.ar\/notas\/var\/www\/html\/notas\/wp-content\/uploads\/2012\/01\/camioneta-desarrollo-social-drogas-300x206.jpg 300w, https:\/\/www.elsindical.com.ar\/notas\/var\/www\/html\/notas\/wp-content\/uploads\/2012\/01\/camioneta-desarrollo-social-drogas.jpg 413w\" sizes=\"auto, (max-width: 300px) 100vw, 300px\" \/><\/a>Ten\u00eda documentos de Desarrollo Social pero pertenece a una firma privada. \u00bfAlquilada o \u00abdisfrazada\u00bb?.<\/em><\/p>\n<p style=\"text-align: justify;\">El Jefe de la polic\u00eda de Santa Fe, <strong>Hugo Toniolli<\/strong>, confirm\u00f3 que la camioneta con inscripciones del Ministerio de Desarrollo Social de\u00a0 la Naci\u00f3n que apareci\u00f3 con 450 kg de marihuana<strong> <\/strong>es propiedad de una<strong> empresa privada<\/strong>, por lo que se investiga si la cartera de <strong>Alicia Kirchner <\/strong>alquil\u00f3 el veh\u00edculo o si estaba \u00abdisfrazado\u00bb de coche oficial para eludir controles antidrogas.<\/p>\n<p style=\"text-align: justify;\">El Comisario General\u00a0precis\u00f3 que la camioneta <strong>Mercedes Benz Sprinter<\/strong> (patente GET 078) hallada en la localidad de Santo Domingo con 497 panes de cannabis.<\/p>\n<p style=\"text-align: justify;\">\u00abLa camioneta es propiedad de una empresa privada radicada en Buenos Aires. Estamos investigando si el Ministerio de Desarrollo Social -seg\u00fan las inscripciones que tiene el veh\u00edculo en su exterior- ten\u00eda afectada la camioneta o no. El veh\u00edculo<strong> no tiene pedido de captura<\/strong> por otros delitos\u00bb, subray\u00f3 el Comisario General a este portal.<\/p>\n<p style=\"text-align: justify;\">La hip\u00f3tesis de que la camioneta haya sido disfrazada para sortear controles policiales tambi\u00e9n es analizada. \u00abLos transgresores usan rutas alternativas para evadir los controles. La capacidad inventiva es inimagibale. Esta una ruta alternativa\u00bb, coment\u00f3 el jefe policial santafecino.<\/p>\n<p style=\"text-align: justify;\">El Comisario General cont\u00f3 que el rodado ten\u00eda \u00abtierra roja\u00bb en la carrocer\u00eda, por lo que creen que su origen fue la provincia de Misiones, una de las principales entradas de droga a la Argentina, y que \u00ab<strong>su destinto era Buenos Aires\u00bb.<\/strong><\/p>\n<p style=\"text-align: justify;\">\u00abHay que determinar si la documentaci\u00f3n del veh\u00edculo<strong> es ap\u00f3crifo<\/strong> o no, aunque hasta ahora no ocurri\u00f3 en esta zona que encontremos un veh\u00edculo disfrazado\u00bb, advirti\u00f3 el Comisario General, quien antes de ser ascendido fue director de la divis\u00f3n de Drogas de la Polic\u00eda de Santa Fe.<\/p>\n<p style=\"text-align: justify;\"><strong>Antecedentes.<\/strong><\/p>\n<p style=\"text-align: justify;\">En octubre de 2009, Pablo P\u00e9rsico, de 19 a\u00f1os, <strong>fue detenido en una camioneta oficial con varias plantas de marihuana.<\/strong> Por el esc\u00e1ndalo, su padre, Emilio P\u00e9rsico, <strong>debi\u00f3 renunciar<\/strong> a la Subsecretar\u00eda de Comercializacion de la Economia Social del Ministerio de Desarrollo Social.<\/p>\n<p style=\"text-align: justify;\">Nota de redacci\u00f3n:<\/p>\n<p style=\"text-align: justify;\">En atenci\u00f3n al reclamo efectuado por los responsables de la firma que mencionaran las autoridades de la provincia de Santa Fe, las cuales han solicitado su derecho a r\u00e9plica, aduciendo que la informaci\u00f3n oficial es inexacta, el Editor General del medio, ha tomado la decisi\u00f3n de editar la nota hasta tanto las autoridades policiales puedan certificar la informaci\u00f3n que oportunamente se suministro a los medios. Ser\u00e1 la justicia que investiga el hecho delictivo la que determine las responsabilidades y la vinculaci\u00f3n de quienes han participado en la investigaci\u00f3n por tr\u00e1fico de drogas. Este medio agradece la confianza en comunicarse con nosotros y aportar el material requerido para aclarar la situaci\u00f3n.<\/p>\n","protected":false},"excerpt":{"rendered":"<p>Ten\u00eda documentos de Desarrollo Social pero pertenece a una firma privada. \u00bfAlquilada o \u00abdisfrazada\u00bb?. El Jefe de la polic\u00eda de Santa Fe, Hugo Toniolli, confirm\u00f3 que la camioneta con inscripciones del Ministerio de Desarrollo Social de\u00a0 la Naci\u00f3n que apareci\u00f3 con 450 kg de marihuana es propiedad de una empresa privada, por lo que se&hellip;<\/p>\n","protected":false},"author":1,"featured_media":0,"comment_status":"open","ping_status":"open","sticky":false,"template":"","format":"standard","meta":{"footnotes":""},"categories":[22],"tags":[9932,9934,382,9933,609],"class_list":["post-20461","post","type-post","status-publish","format-standard","hentry","category-policiales","tag-camionera-ministerio-de-desarrollo-de-la-nacion","tag-centrone-daniel-domingo","tag-drogas","tag-empresa-ddc-s-r-l","tag-santa-fe"],"_links":{"self":[{"href":"https:\/\/www.elsindical.com.ar\/notas\/wp-json\/wp\/v2\/posts\/20461","targetHints":{"allow":["GET"]}}],"collection":[{"href":"https:\/\/www.elsindical.com.ar\/notas\/wp-json\/wp\/v2\/posts"}],"about":[{"href":"https:\/\/www.elsindical.com.ar\/notas\/wp-json\/wp\/v2\/types\/post"}],"author":[{"embeddable":true,"href":"https:\/\/www.elsindical.com.ar\/notas\/wp-json\/wp\/v2\/users\/1"}],"replies":[{"embeddable":true,"href":"https:\/\/www.elsindical.com.ar\/notas\/wp-json\/wp\/v2\/comments?post=20461"}],"version-history":[{"count":4,"href":"https:\/\/www.elsindical.com.ar\/notas\/wp-json\/wp\/v2\/posts\/20461\/revisions"}],"predecessor-version":[{"id":20465,"href":"https:\/\/www.elsindical.com.ar\/notas\/wp-json\/wp\/v2\/posts\/20461\/revisions\/20465"}],"wp:attachment":[{"href":"https:\/\/www.elsindical.com.ar\/notas\/wp-json\/wp\/v2\/media?parent=20461"}],"wp:term":[{"taxonomy":"category","embeddable":true,"href":"https:\/\/www.elsindical.com.ar\/notas\/wp-json\/wp\/v2\/categories?post=20461"},{"taxonomy":"post_tag","embeddable":true,"href":"https:\/\/www.elsindical.com.ar\/notas\/wp-json\/wp\/v2\/tags?post=20461"}],"curies":[{"name":"wp","href":"https:\/\/api.w.org\/{rel}","templated":true}]}}