{"id":20458,"date":"2012-01-16T00:10:12","date_gmt":"2012-01-16T03:10:12","guid":{"rendered":"http:\/\/www.elsindical.com.ar\/notas\/?p=20458"},"modified":"2012-01-16T00:10:12","modified_gmt":"2012-01-16T03:10:12","slug":"denuncian-que-el-gobierno-de-malvinas-impidio-el-ingreso-de-un-crucero-con-argentinos","status":"publish","type":"post","link":"https:\/\/www.elsindical.com.ar\/notas\/denuncian-que-el-gobierno-de-malvinas-impidio-el-ingreso-de-un-crucero-con-argentinos\/","title":{"rendered":"Denuncian que el gobierno de Malvinas impidi\u00f3 el ingreso de un crucero con argentinos"},"content":{"rendered":"<p style=\"text-align: justify;\"><em><a href=\"http:\/\/www.elsindical.com.ar\/notas\/var\/www\/html\/notas\/wp-content\/uploads\/2012\/01\/Star-Princess.jpg\"><img loading=\"lazy\" decoding=\"async\" class=\"alignleft size-medium wp-image-20459\" title=\"Star-Princess\" src=\"http:\/\/www.elsindical.com.ar\/notas\/var\/www\/html\/notas\/wp-content\/uploads\/2012\/01\/Star-Princess-300x91.jpg\" alt=\"\" width=\"300\" height=\"91\" srcset=\"https:\/\/www.elsindical.com.ar\/notas\/var\/www\/html\/notas\/wp-content\/uploads\/2012\/01\/Star-Princess-300x91.jpg 300w, https:\/\/www.elsindical.com.ar\/notas\/var\/www\/html\/notas\/wp-content\/uploads\/2012\/01\/Star-Princess.jpg 413w\" sizes=\"auto, (max-width: 300px) 100vw, 300px\" \/><\/a>Lo asegur\u00f3 un pasajero del Star Princess, que sali\u00f3 de Chile y se\u00a0 dirige a Buenos Aires. Supuestamente fue por cuestiones sanitarias. Pero\u00a0 a la tripulaci\u00f3n le llam\u00f3 la atenci\u00f3n lo inusual del argumento dado que\u00a0 s\u00f3lo hab\u00eda 20 casos de gastroenterocolitis.<\/em><\/p>\n<p style=\"text-align: justify;\">El gobierno brit\u00e1nico de las islas Malvinas impidi\u00f3 recalar en el archipi\u00e9lago a un crucero que viajaba con pasajeros argentinos, entre otras nacionalidades, por supuestos motivos sanitarios ante la presencia de \u00ab20 casos de gastroenterocolitis\u00bb a bordo del barco.<\/p>\n<p style=\"text-align: justify;\">El hecho fue denunciado hoy a la agencia de noticias DyN por el psic\u00f3logo argentino Luis Hauser, que viaja en el Star Princess, que parti\u00f3 de Chile y se dirige ahora a Buenos Aires antes de llegar a su destino final: R\u00edo de Janeiro.<\/p>\n<p style=\"text-align: justify;\">Seg\u00fan dijo el psic\u00f3logo, \u201cel capit\u00e1n del crucero se mostr\u00f3 sorprendido, dijo que (la que tom\u00f3 el gobierno de las islas) fue una decisi\u00f3n sin precedentes y err\u00f3nea por el bajo n\u00famero de casos\u201d de gastroenterocolitis. Hauser dijo que el capit\u00e1n asegur\u00f3 que la decisi\u00f3n \u201cno respondi\u00f3 a normas internacionales, por la escasa cantidad de enfermos\u201d y, en cambio, lo consider\u00f3 una posible \u201cdecisi\u00f3n pol\u00edtica como represalia por el acuerdo regional del Mercosur de impedir\u201d que entren a sus puertos las embarcaciones que lleven la bandera brit\u00e1nica de Malvinas.<\/p>\n<p style=\"text-align: justify;\">Hauser resalt\u00f3 que, antes del episodio, el Star Princess estuvo en el puerto chileno de Punta Arenas y en Ushuaia, donde, asegur\u00f3, recalaron \u201csin inconvenientes\u201d a pesar de que los casos de gastroenterocolitis \u201ceran m\u00e1s que cuando el crucero intent\u00f3 recalar en las islas Malvinas\u00bb.<\/p>\n<p style=\"text-align: justify;\">\u201cHubo mucho desencanto entre quienes quer\u00edamos llegar al archipi\u00e9lago. Muchos iban a rendir homenaje a sus muertos en la Guerra de Malvinas. Un capit\u00e1n quer\u00eda dejar una placa en la tumba de uno de sus soldados\u201d, se lament\u00f3 en di\u00e1logo telef\u00f3nico con DyN desde el camarote 415 del octavo piso del crucero.<\/p>\n<p style=\"text-align: justify;\">El crucero sali\u00f3 de la chilena Valpara\u00edso el 7 de enero en un viaje de placer con 3.600 pasajeros, entre ellos 1.000 latinoamericanos -en su mayor\u00eda argentinos, brasile\u00f1os y chilenos-, y recalar\u00e1 a las 8 del martes en el puerto de Buenos Aires para retomar su viaje hacia R\u00edo de Janeiro a las 15 del mismo d\u00eda. Aunque pertenece a la empresa estadounidense Pricess Cruises, el barco sali\u00f3 de Chile con bandera de Bahamas, un estado independiente de la Comunidad Brit\u00e1nica de Naciones.<\/p>\n<p style=\"text-align: justify;\">(Fuente: DyN)<\/p>\n","protected":false},"excerpt":{"rendered":"<p>Lo asegur\u00f3 un pasajero del Star Princess, que sali\u00f3 de Chile y se\u00a0 dirige a Buenos Aires. Supuestamente fue por cuestiones sanitarias. Pero\u00a0 a la tripulaci\u00f3n le llam\u00f3 la atenci\u00f3n lo inusual del argumento dado que\u00a0 s\u00f3lo hab\u00eda 20 casos de gastroenterocolitis. El gobierno brit\u00e1nico de las islas Malvinas impidi\u00f3 recalar en el archipi\u00e9lago a&hellip;<\/p>\n","protected":false},"author":1,"featured_media":0,"comment_status":"open","ping_status":"open","sticky":false,"template":"","format":"standard","meta":{"footnotes":""},"categories":[13],"tags":[9931,154,1200,3692,7714],"class_list":["post-20458","post","type-post","status-publish","format-standard","hentry","category-politica","tag-bahamas","tag-buenos-aires","tag-chile","tag-islas-malvinas","tag-rio-de-janeiro"],"_links":{"self":[{"href":"https:\/\/www.elsindical.com.ar\/notas\/wp-json\/wp\/v2\/posts\/20458","targetHints":{"allow":["GET"]}}],"collection":[{"href":"https:\/\/www.elsindical.com.ar\/notas\/wp-json\/wp\/v2\/posts"}],"about":[{"href":"https:\/\/www.elsindical.com.ar\/notas\/wp-json\/wp\/v2\/types\/post"}],"author":[{"embeddable":true,"href":"https:\/\/www.elsindical.com.ar\/notas\/wp-json\/wp\/v2\/users\/1"}],"replies":[{"embeddable":true,"href":"https:\/\/www.elsindical.com.ar\/notas\/wp-json\/wp\/v2\/comments?post=20458"}],"version-history":[{"count":1,"href":"https:\/\/www.elsindical.com.ar\/notas\/wp-json\/wp\/v2\/posts\/20458\/revisions"}],"predecessor-version":[{"id":20460,"href":"https:\/\/www.elsindical.com.ar\/notas\/wp-json\/wp\/v2\/posts\/20458\/revisions\/20460"}],"wp:attachment":[{"href":"https:\/\/www.elsindical.com.ar\/notas\/wp-json\/wp\/v2\/media?parent=20458"}],"wp:term":[{"taxonomy":"category","embeddable":true,"href":"https:\/\/www.elsindical.com.ar\/notas\/wp-json\/wp\/v2\/categories?post=20458"},{"taxonomy":"post_tag","embeddable":true,"href":"https:\/\/www.elsindical.com.ar\/notas\/wp-json\/wp\/v2\/tags?post=20458"}],"curies":[{"name":"wp","href":"https:\/\/api.w.org\/{rel}","templated":true}]}}