{"id":20456,"date":"2012-01-16T00:02:43","date_gmt":"2012-01-16T03:02:43","guid":{"rendered":"http:\/\/www.elsindical.com.ar\/notas\/?p=20456"},"modified":"2012-01-16T00:02:43","modified_gmt":"2012-01-16T03:02:43","slug":"efemeridesdel-dia-16-de-enero-2","status":"publish","type":"post","link":"https:\/\/www.elsindical.com.ar\/notas\/efemeridesdel-dia-16-de-enero-2\/","title":{"rendered":"EFEM\u00c9RIDES:DEL D\u00cdA 16 DE ENERO"},"content":{"rendered":"<p style=\"text-align: justify;\"><a href=\"http:\/\/www.elsindical.com.ar\/notas\/var\/www\/html\/notas\/wp-content\/uploads\/2010\/07\/Crist\u00f3bal-Col\u00f3n.jpg\"><img loading=\"lazy\" decoding=\"async\" class=\"alignleft size-full wp-image-8199\" title=\"Crist\u00f3bal-Col\u00f3n\" src=\"http:\/\/www.elsindical.com.ar\/notas\/var\/www\/html\/notas\/wp-content\/uploads\/2010\/07\/Crist\u00f3bal-Col\u00f3n.jpg\" alt=\"\" width=\"142\" height=\"190\" \/><\/a>El 16 de enero de 1992, el Gobierno y guerrilla de El Salvador firman en M\u00e9xico un acuerdo de paz, tras 12 a\u00f1os de guerra civil y 75.000 muertos. El acuerdo se hab\u00eda alcanzado el 31 de diciembre de 1991 en Nueva York, con la mediaci\u00f3n de la ONU.<\/p>\n<p style=\"text-align: justify;\">1493- Crist\u00f3bal Col\u00f3n reconoce varias islas Bahamas, la zona oriental de Cuba y el norte de Hait\u00ed.<\/p>\n<p style=\"text-align: justify;\">1891- Sofocada en Am\u00e9rica del Norte la \u00faltima sublevaci\u00f3n de los indios sioux.<\/p>\n<p style=\"text-align: justify;\">1901- Nace Fulgencio Batista, dictador cubano.<\/p>\n<p style=\"text-align: justify;\">1902- Alemania obtiene la concesi\u00f3n para construir el ferrocarril Konia-Bagdad, en el Imperio otomano.<\/p>\n<p style=\"text-align: justify;\">1906- Comienza la Conferencia de Algeciras sobre el destino de Marruecos, entre Espa\u00f1a, Francia, Alemania e Inglaterra.<\/p>\n<p style=\"text-align: justify;\">1911- Nace Eduardo Frei, presidente de Chile.<\/p>\n<p style=\"text-align: justify;\">1914- El escritor ruso M\u00e1ximo Gorki, autorizado a regresar a su pa\u00eds tras ocho a\u00f1os de exilio.<\/p>\n<p style=\"text-align: justify;\">1915- Revoluci\u00f3n mexicana: el general Alvaro Obreg\u00f3n, al frente de sus fuerzas, entra triunfante en la capital.<\/p>\n<p style=\"text-align: justify;\">1919- La Asamblea Constituyente de Polonia confirma a Ignacy Jan Paderewsky como Jefe de Gobierno.<\/p>\n<p style=\"text-align: justify;\">1920- Entra en vigor en EEUU la \u00abLey Seca\u00bb, por la que se prohib\u00eda la venta y consumo de bebidas alcoh\u00f3licas.<\/p>\n<p style=\"text-align: justify;\">1933- Nace Susan Sontang, escritora y directora de cine norteamericana.<\/p>\n<p style=\"text-align: justify;\">1941- II Guerra Mundial: Se inician los ataques a\u00e9reos alemanes a Malta, con lo que comenz\u00f3 la guerra en el Mediterr\u00e1neo.<\/p>\n<p style=\"text-align: justify;\">&#8211; Chile y Bolivia firman un pacto de no agresi\u00f3n.<\/p>\n<p style=\"text-align: justify;\">1956- Nace Ricardo Dar\u00edn, actor argentino.<\/p>\n<p style=\"text-align: justify;\">1957- Muere Arturo Toscanini, director de orquesta italiano.<\/p>\n<p style=\"text-align: justify;\">1962- Un golpe de Estado en la Rep\u00fablica Dominicana depone al presidente, Joaqu\u00edn Balaguer, e instaura una Junta de Gobierno por 48 horas.<\/p>\n<p style=\"text-align: justify;\">1963- Muere Gilardo Gilardi, compositor argentino.<\/p>\n<p style=\"text-align: justify;\">1969- El estudiante Jan Palach se quema vivo en la plaza Wenzel, de Praga, en protesta por la ocupaci\u00f3n sovi\u00e9tica de Checoslovaquia y la supresi\u00f3n de las libertades individuales.<\/p>\n<p style=\"text-align: justify;\">1970- Grandes manifestaciones en La Paz para apoyar al presidente boliviano, Alfredo Ovando, contra el que la CIA y compa\u00f1\u00edas petrol\u00edferas estadounidenses hab\u00edan urdido un complot.<\/p>\n<p style=\"text-align: justify;\">1974- Nace Kate Moss, modelo brit\u00e1nica.<\/p>\n<p style=\"text-align: justify;\">1975- Firmado en Lisboa el acuerdo para la independencia de Angola.<\/p>\n<p style=\"text-align: justify;\">1987- Paracaidistas amotinados en la base a\u00e9rea de Taura secuestran durante unas horas al presidente ecuatoriano, Le\u00f3n Febres Cordero, y piden la libertad del general golpista Frank Vargas, a lo que accedi\u00f3 el Gobierno.<\/p>\n<p style=\"text-align: justify;\">1988- Se re\u00fanen en Costa Rica los presidentes de los cinco pa\u00edses centroamericanos para tratar del cumplimiento de los acuerdos de Esquipulas II.<\/p>\n<p style=\"text-align: justify;\">1996- Es derrocado el presidente de Sierra Leona, capit\u00e1n Valentine Strasser, en un golpe de Estado dado por el \u00abn\u00famero dos\u00bb del r\u00e9gimen, el capit\u00e1n Julius Maada Biol.<\/p>\n<p style=\"text-align: justify;\">2000- El socialista Ricardo Lagos vence en la segunda vuelta de las elecciones presidenciales de Chile.<\/p>\n<p style=\"text-align: justify;\">2001- El presidente de la Rep\u00fablica Democr\u00e1tica del Congo, Laurent Kabila, es asesinado por su guardia personal en un intento de golpe de Estado.<\/p>\n<p style=\"text-align: justify;\">2003- El FMI y Argentina acuerdan la refinanciaci\u00f3n de la deuda.<\/p>\n<p style=\"text-align: justify;\">2005- El presidente de Croacia, Stjepen Mesic, gana las elecciones presidenciales y consigue un segundo mandato.<\/p>\n<p style=\"text-align: justify;\">2006- Ellen Johnson-Sirleaf toma posesi\u00f3n como presidenta de Liberia.<\/p>\n<p style=\"text-align: justify;\">2007- M\u00e1s de cien muertos en una cadena de atentados en Bagdad.<\/p>\n<p style=\"text-align: justify;\">2008- La petrolera Total y la sociedad de inspecci\u00f3n de barcos Rina, condenadas por el hundimiento del \u00abErika\u00bb, que en 1999 provoc\u00f3 una marea negra en la costa atl\u00e1ntica francesa.<\/p>\n<p style=\"text-align: justify;\">2009- Muere Andrew Wyeth, pintor estadounidense.<\/p>\n<p style=\"text-align: justify;\">&#8211; Muere John Mortimer, escritor brit\u00e1nico.<\/p>\n","protected":false},"excerpt":{"rendered":"<p>El 16 de enero de 1992, el Gobierno y guerrilla de El Salvador firman en M\u00e9xico un acuerdo de paz, tras 12 a\u00f1os de guerra civil y 75.000 muertos. El acuerdo se hab\u00eda alcanzado el 31 de diciembre de 1991 en Nueva York, con la mediaci\u00f3n de la ONU. 1493- Crist\u00f3bal Col\u00f3n reconoce varias islas&hellip;<\/p>\n","protected":false},"author":1,"featured_media":0,"comment_status":"open","ping_status":"open","sticky":false,"template":"","format":"standard","meta":{"footnotes":""},"categories":[14],"tags":[],"class_list":["post-20456","post","type-post","status-publish","format-standard","hentry","category-efemerides"],"_links":{"self":[{"href":"https:\/\/www.elsindical.com.ar\/notas\/wp-json\/wp\/v2\/posts\/20456","targetHints":{"allow":["GET"]}}],"collection":[{"href":"https:\/\/www.elsindical.com.ar\/notas\/wp-json\/wp\/v2\/posts"}],"about":[{"href":"https:\/\/www.elsindical.com.ar\/notas\/wp-json\/wp\/v2\/types\/post"}],"author":[{"embeddable":true,"href":"https:\/\/www.elsindical.com.ar\/notas\/wp-json\/wp\/v2\/users\/1"}],"replies":[{"embeddable":true,"href":"https:\/\/www.elsindical.com.ar\/notas\/wp-json\/wp\/v2\/comments?post=20456"}],"version-history":[{"count":1,"href":"https:\/\/www.elsindical.com.ar\/notas\/wp-json\/wp\/v2\/posts\/20456\/revisions"}],"predecessor-version":[{"id":20457,"href":"https:\/\/www.elsindical.com.ar\/notas\/wp-json\/wp\/v2\/posts\/20456\/revisions\/20457"}],"wp:attachment":[{"href":"https:\/\/www.elsindical.com.ar\/notas\/wp-json\/wp\/v2\/media?parent=20456"}],"wp:term":[{"taxonomy":"category","embeddable":true,"href":"https:\/\/www.elsindical.com.ar\/notas\/wp-json\/wp\/v2\/categories?post=20456"},{"taxonomy":"post_tag","embeddable":true,"href":"https:\/\/www.elsindical.com.ar\/notas\/wp-json\/wp\/v2\/tags?post=20456"}],"curies":[{"name":"wp","href":"https:\/\/api.w.org\/{rel}","templated":true}]}}