{"id":20453,"date":"2012-01-15T21:57:01","date_gmt":"2012-01-16T00:57:01","guid":{"rendered":"http:\/\/www.elsindical.com.ar\/notas\/?p=20453"},"modified":"2012-01-15T21:57:01","modified_gmt":"2012-01-16T00:57:01","slug":"san-vicentedetuvieron-a-tres-policias-por-el-asesinato-de-un-chico-de-20-anos","status":"publish","type":"post","link":"https:\/\/www.elsindical.com.ar\/notas\/san-vicentedetuvieron-a-tres-policias-por-el-asesinato-de-un-chico-de-20-anos\/","title":{"rendered":"San Vicente:Detuvieron a tres polic\u00edas por el asesinato de un chico de 20 a\u00f1os"},"content":{"rendered":"<p style=\"text-align: justify;\"><em><a href=\"http:\/\/www.elsindical.com.ar\/notas\/var\/www\/html\/notas\/wp-content\/uploads\/2012\/01\/lugar-asesinato-Alejandro-Korn.jpg\"><img loading=\"lazy\" decoding=\"async\" class=\"alignleft size-medium wp-image-20454\" title=\"lugar-asesinato-Alejandro-Korn\" src=\"http:\/\/www.elsindical.com.ar\/notas\/var\/www\/html\/notas\/wp-content\/uploads\/2012\/01\/lugar-asesinato-Alejandro-Korn-300x160.jpg\" alt=\"\" width=\"300\" height=\"160\" srcset=\"https:\/\/www.elsindical.com.ar\/notas\/var\/www\/html\/notas\/wp-content\/uploads\/2012\/01\/lugar-asesinato-Alejandro-Korn-300x160.jpg 300w, https:\/\/www.elsindical.com.ar\/notas\/var\/www\/html\/notas\/wp-content\/uploads\/2012\/01\/lugar-asesinato-Alejandro-Korn.jpg 413w\" sizes=\"auto, (max-width: 300px) 100vw, 300px\" \/><\/a>Al joven lo mataron de un balazo en la cabeza durante una pelea\u00a0 frente a una casa en la que celebraban el 15 de la hija de un efectivo\u00a0 de la Bonaerense.<\/em><\/p>\n<p style=\"text-align: justify;\">Tres polic\u00edas de la Bonaerense quedaron detenidos luego de que un joven de 20 a\u00f1os fuera asesinado de un balazo en la cabeza en el marco de una pelea frente a una vivienda de la localidad bonaerense de Alejandro Korn, en el partido de San Vicente, en la que festejaban el cumplea\u00f1os de 15 de la hija de un efectivo de esa fuerza de seguridad.<\/p>\n<p style=\"text-align: justify;\">Seg\u00fan informaron fuentes policiales citadas por la agencia T\u00e9lam, esta madrugada, un grupo de j\u00f3venes habr\u00eda intentado entrar por la fuerza a la fiesta, a la que hab\u00edan ido varios efectivos de la Bonaerense vestidos de civil y en franco de servicio.<\/p>\n<p style=\"text-align: justify;\">Ello habr\u00eda originado una pelea callejera en la que se efectuaron varios disparos de arma de fuego, uno de los cuales impact\u00f3 en la cabeza de un joven de 20 a\u00f1os, de nombre Fabi\u00e1n, quien cay\u00f3 malherido en el lugar. Fue trasladado en una ambulancia hasta un hospital de la zona, donde muri\u00f3.<\/p>\n<p style=\"text-align: justify;\">Al lugar lleg\u00f3 personal de la comisar\u00eda de Alejandro Korn, situada a unas diez cuadras, para intentar controlar la situaci\u00f3n, pero hubo nuevos enfrentamientos con los j\u00f3venes que terminaron con algunos efectivos lesionados y m\u00f3viles policiales da\u00f1ados.<\/p>\n<p style=\"text-align: justify;\">Por el crimen, tres polic\u00edas que estaban en la fiesta, dos hombres y una mujer, quedaron aprehendidos a disposici\u00f3n de las Fiscales Mar\u00eda Silva Bussano y Karina Guyot, de la Unidad Funcional de Instrucci\u00f3n (UFI) descentralizada de San Vicente. Tambi\u00e9n interviene el personal de la Auditor\u00eda General de Asuntos Internos del Ministerio de Justicia y Seguridad bonaerense. Los tres efectivos apresados no prestaban servicios en la zona de Alejandro Korn y fueron desafectados de sus funciones hasta que se resuelva su situaci\u00f3n judicial.<\/p>\n<p style=\"text-align: justify;\">Este mediod\u00eda, varios chicos del barrio que dijeron haber presenciado y\/o participado de los hechos se concentraron frente a la seccional de la jurisdicci\u00f3n.<\/p>\n<p style=\"text-align: justify;\">\u201cLe metieron un tiro en la cabeza como a un perro\u201d, expres\u00f3 Sergio, uno de los hermanos de Fabi\u00e1n, que cont\u00f3 que vio a su hermano cuando ya estaba tirado en el piso y el lugar estaba \u201clleno de gente\u201d. \u201cFabi\u00e1n se portaba bien. Somos cinco hermanos y mi mam\u00e1\u201d, a\u00f1adi\u00f3 el muchacho con los ojos vidriosos y la voz entrecortada.<\/p>\n<p style=\"text-align: justify;\">Otro chico que estaba con \u00e9l cont\u00f3 a la prensa que todo comenz\u00f3 tras \u201cuna peque\u00f1a discusi\u00f3n\u201d, luego \u201cse arm\u00f3 quilombo\u201d, los agresores \u201csalieron \u2018escabio\u2019 de la fiesta\u201d y \u201cempezaron a tirar\u201d con \u201cfierros truchos\u201d.<\/p>\n<p style=\"text-align: justify;\">Otro allegado a la v\u00edctima cont\u00f3 que los efectivos que llegaron luego de que empezara la pelea lo hirieron en el rostro con disparos con postas de goma y que los j\u00f3venes se defendieron a pedradas.<\/p>\n<p style=\"text-align: justify;\">Mientras que otra vecina cont\u00f3 que durante esa gresca la polic\u00eda \u00abno hizo nada por defender a los chicos\u00bb sino que \u00abprotegi\u00f3\u00bb a los efectivos que hab\u00edan estado en la fiesta.<\/p>\n<p style=\"text-align: justify;\">\n<p style=\"text-align: justify;\">(Fuente: T\u00e9lam)<\/p>\n","protected":false},"excerpt":{"rendered":"<p>Al joven lo mataron de un balazo en la cabeza durante una pelea\u00a0 frente a una casa en la que celebraban el 15 de la hija de un efectivo\u00a0 de la Bonaerense. Tres polic\u00edas de la Bonaerense quedaron detenidos luego de que un joven de 20 a\u00f1os fuera asesinado de un balazo en la cabeza&hellip;<\/p>\n","protected":false},"author":1,"featured_media":0,"comment_status":"open","ping_status":"open","sticky":false,"template":"","format":"standard","meta":{"footnotes":""},"categories":[22],"tags":[2971,9930,742,9929,9928,305,2234,3736],"class_list":["post-20453","post","type-post","status-publish","format-standard","hentry","category-policiales","tag-alejandro-korn","tag-auditoria-general-de-asuntos-internos","tag-detenidos","tag-fiscal-karina-guyot","tag-fiscal-maria-silva-bussano","tag-muerte","tag-policias-bonaerenses","tag-san-vicente"],"_links":{"self":[{"href":"https:\/\/www.elsindical.com.ar\/notas\/wp-json\/wp\/v2\/posts\/20453","targetHints":{"allow":["GET"]}}],"collection":[{"href":"https:\/\/www.elsindical.com.ar\/notas\/wp-json\/wp\/v2\/posts"}],"about":[{"href":"https:\/\/www.elsindical.com.ar\/notas\/wp-json\/wp\/v2\/types\/post"}],"author":[{"embeddable":true,"href":"https:\/\/www.elsindical.com.ar\/notas\/wp-json\/wp\/v2\/users\/1"}],"replies":[{"embeddable":true,"href":"https:\/\/www.elsindical.com.ar\/notas\/wp-json\/wp\/v2\/comments?post=20453"}],"version-history":[{"count":1,"href":"https:\/\/www.elsindical.com.ar\/notas\/wp-json\/wp\/v2\/posts\/20453\/revisions"}],"predecessor-version":[{"id":20455,"href":"https:\/\/www.elsindical.com.ar\/notas\/wp-json\/wp\/v2\/posts\/20453\/revisions\/20455"}],"wp:attachment":[{"href":"https:\/\/www.elsindical.com.ar\/notas\/wp-json\/wp\/v2\/media?parent=20453"}],"wp:term":[{"taxonomy":"category","embeddable":true,"href":"https:\/\/www.elsindical.com.ar\/notas\/wp-json\/wp\/v2\/categories?post=20453"},{"taxonomy":"post_tag","embeddable":true,"href":"https:\/\/www.elsindical.com.ar\/notas\/wp-json\/wp\/v2\/tags?post=20453"}],"curies":[{"name":"wp","href":"https:\/\/api.w.org\/{rel}","templated":true}]}}