{"id":20450,"date":"2012-01-15T21:41:09","date_gmt":"2012-01-16T00:41:09","guid":{"rendered":"http:\/\/www.elsindical.com.ar\/notas\/?p=20450"},"modified":"2012-01-15T21:41:09","modified_gmt":"2012-01-16T00:41:09","slug":"entre-riosnena-de-11-anos-quedo-embarazada-de-un-menor-y-analizan-interrumpir-el-embarazo","status":"publish","type":"post","link":"https:\/\/www.elsindical.com.ar\/notas\/entre-riosnena-de-11-anos-quedo-embarazada-de-un-menor-y-analizan-interrumpir-el-embarazo\/","title":{"rendered":"Entre R\u00edos:Nena de 11 a\u00f1os qued\u00f3 embarazada de un menor y analizan interrumpir el embarazo"},"content":{"rendered":"<p style=\"text-align: justify;\"><em><a href=\"http:\/\/www.elsindical.com.ar\/notas\/var\/www\/html\/notas\/wp-content\/uploads\/2012\/01\/juzgado-Entre-R\u00edos.jpg\"><img loading=\"lazy\" decoding=\"async\" class=\"alignleft size-medium wp-image-20451\" title=\"juzgado-Entre-R\u00edos\" src=\"http:\/\/www.elsindical.com.ar\/notas\/var\/www\/html\/notas\/wp-content\/uploads\/2012\/01\/juzgado-Entre-R\u00edos-300x225.jpg\" alt=\"\" width=\"300\" height=\"225\" srcset=\"https:\/\/www.elsindical.com.ar\/notas\/var\/www\/html\/notas\/wp-content\/uploads\/2012\/01\/juzgado-Entre-R\u00edos-300x225.jpg 300w, https:\/\/www.elsindical.com.ar\/notas\/var\/www\/html\/notas\/wp-content\/uploads\/2012\/01\/juzgado-Entre-R\u00edos.jpg 413w\" sizes=\"auto, (max-width: 300px) 100vw, 300px\" \/><\/a>La ni\u00f1a mantuvo relaciones con un joven de 17 a\u00f1os. <strong>Los m\u00e9dicos no recomiendan la continuidad del embarazo<\/strong>, pero <strong>interrumpirlo ser\u00eda peligroso<\/strong> porque la joven ya lleva <strong>11 semanas de gestaci\u00f3n<\/strong>. La Justicia eval\u00faa qu\u00e9 hacer.<\/em><\/p>\n<p style=\"text-align: justify;\">La ciudad entrerriana de <strong>General Campos<\/strong> est\u00e1 conmocionada por el caso de una <strong>ni\u00f1a de 11 a\u00f1os<\/strong> que qued\u00f3 <strong>embarazada<\/strong> tras mantener <strong>relaciones con un joven de 17 a\u00f1os cercano a su entorno familiar<\/strong>, que es inimputable seg\u00fan lo establecido por la Justicia.<\/p>\n<p style=\"text-align: justify;\">El <strong>caso es muy complejo<\/strong>: los <strong>m\u00e9dicos<\/strong> <strong>revisaron a la ni\u00f1a<\/strong>, certificaron la \u201c<strong>inexistencia de mamas<\/strong>\u201d, de <strong>vello p\u00fabico<\/strong>, concluyeron que presenta un <strong>desarrollo \u00f3seo<\/strong> en la cadera que hace <strong>casi imposible que pueda resistir el estado de gravidez y un posterior parto<\/strong>.<\/p>\n<p style=\"text-align: justify;\">Sin embargo, dar v\u00eda libre\u00a0 al<strong>aborto es muy peligroso<\/strong> porque la peque\u00f1a ya lleva <strong>casi tres meses de embarazo<\/strong>, un dato no menor que convierte a la<strong> potencial interrupci\u00f3n<\/strong> en una <strong>opci\u00f3n de alto riesgo<\/strong>.<\/p>\n<p style=\"text-align: justify;\">La <strong>madre de la menor se present\u00f3 directamente en los Tribunales de Concordia<\/strong> (desde all\u00ed se dio intervenci\u00f3n a sus pares de Col\u00f3n), para pedir la <strong>interrupci\u00f3n inmediata del embarazo<\/strong>.<\/p>\n<p style=\"text-align: justify;\"><strong>Funcionarios judiciales dialogaron con la ni\u00f1a<\/strong> y, seg\u00fan cuenta <em>Diario Uno Entre R\u00edos<\/em>, se sintieron <strong>conmovidos<\/strong> cuando la peque\u00f1a les manifest\u00f3 su deseo <strong>de \u201cvolver a ser como antes\u201d<\/strong>.<\/p>\n<p style=\"text-align: justify;\">La <strong>Justicia se encuentra ante una verdadera encrucijada<\/strong> y para tomar una decisi\u00f3n <strong>espera los estudios y an\u00e1lisis<\/strong> solicitados al hospital <strong>Delicia Concepci\u00f3n Masvernat<\/strong>, cuyos resultados estar\u00edan listos para el pr\u00f3ximo<strong> lunes o martes<\/strong>.<\/p>\n","protected":false},"excerpt":{"rendered":"<p>La ni\u00f1a mantuvo relaciones con un joven de 17 a\u00f1os. Los m\u00e9dicos no recomiendan la continuidad del embarazo, pero interrumpirlo ser\u00eda peligroso porque la joven ya lleva 11 semanas de gestaci\u00f3n. La Justicia eval\u00faa qu\u00e9 hacer. La ciudad entrerriana de General Campos est\u00e1 conmocionada por el caso de una ni\u00f1a de 11 a\u00f1os que qued\u00f3&hellip;<\/p>\n","protected":false},"author":1,"featured_media":0,"comment_status":"open","ping_status":"open","sticky":false,"template":"","format":"standard","meta":{"footnotes":""},"categories":[20],"tags":[57,1386,9927,41,103,223,8017],"class_list":["post-20450","post","type-post","status-publish","format-standard","hentry","category-judiciales","tag-embarazo","tag-entre-rios","tag-interrupcion","tag-justicia","tag-medicos","tag-menor","tag-relaciones-sexuales"],"_links":{"self":[{"href":"https:\/\/www.elsindical.com.ar\/notas\/wp-json\/wp\/v2\/posts\/20450","targetHints":{"allow":["GET"]}}],"collection":[{"href":"https:\/\/www.elsindical.com.ar\/notas\/wp-json\/wp\/v2\/posts"}],"about":[{"href":"https:\/\/www.elsindical.com.ar\/notas\/wp-json\/wp\/v2\/types\/post"}],"author":[{"embeddable":true,"href":"https:\/\/www.elsindical.com.ar\/notas\/wp-json\/wp\/v2\/users\/1"}],"replies":[{"embeddable":true,"href":"https:\/\/www.elsindical.com.ar\/notas\/wp-json\/wp\/v2\/comments?post=20450"}],"version-history":[{"count":1,"href":"https:\/\/www.elsindical.com.ar\/notas\/wp-json\/wp\/v2\/posts\/20450\/revisions"}],"predecessor-version":[{"id":20452,"href":"https:\/\/www.elsindical.com.ar\/notas\/wp-json\/wp\/v2\/posts\/20450\/revisions\/20452"}],"wp:attachment":[{"href":"https:\/\/www.elsindical.com.ar\/notas\/wp-json\/wp\/v2\/media?parent=20450"}],"wp:term":[{"taxonomy":"category","embeddable":true,"href":"https:\/\/www.elsindical.com.ar\/notas\/wp-json\/wp\/v2\/categories?post=20450"},{"taxonomy":"post_tag","embeddable":true,"href":"https:\/\/www.elsindical.com.ar\/notas\/wp-json\/wp\/v2\/tags?post=20450"}],"curies":[{"name":"wp","href":"https:\/\/api.w.org\/{rel}","templated":true}]}}