{"id":20410,"date":"2012-01-13T00:27:20","date_gmt":"2012-01-13T03:27:20","guid":{"rendered":"http:\/\/www.elsindical.com.ar\/notas\/?p=20410"},"modified":"2012-01-13T00:27:20","modified_gmt":"2012-01-13T03:27:20","slug":"efemeridesdel-dia-13-de-enero-2","status":"publish","type":"post","link":"https:\/\/www.elsindical.com.ar\/notas\/efemeridesdel-dia-13-de-enero-2\/","title":{"rendered":"EFEM\u00c9RIDES:DEL D\u00cdA 13 DE ENERO"},"content":{"rendered":"<p><a href=\"http:\/\/www.elsindical.com.ar\/notas\/var\/www\/html\/notas\/wp-content\/uploads\/2012\/01\/Jos\u00e9-Fructuoso-Rivera.jpg\"><img loading=\"lazy\" decoding=\"async\" class=\"alignleft size-medium wp-image-20411\" title=\"Jos\u00e9-Fructuoso-Rivera\" src=\"http:\/\/www.elsindical.com.ar\/notas\/var\/www\/html\/notas\/wp-content\/uploads\/2012\/01\/Jos\u00e9-Fructuoso-Rivera-225x300.jpg\" alt=\"\" width=\"225\" height=\"300\" srcset=\"https:\/\/www.elsindical.com.ar\/notas\/var\/www\/html\/notas\/wp-content\/uploads\/2012\/01\/Jos\u00e9-Fructuoso-Rivera-225x300.jpg 225w, https:\/\/www.elsindical.com.ar\/notas\/var\/www\/html\/notas\/wp-content\/uploads\/2012\/01\/Jos\u00e9-Fructuoso-Rivera.jpg 236w\" sizes=\"auto, (max-width: 225px) 100vw, 225px\" \/><\/a>En un 13 de enero como hoy, pero de 1955, hace 56 a\u00f1os, el presidente de Nicaragua, Anastasio Somoza, desaf\u00eda al presidente de Costa Rica, Jos\u00e9 Figueres, a resolver la disputa entre los dos pa\u00edses mediante un duelo a pistola.<\/p>\n<p>1590- Fallece Francisco de Salinas, organista y m\u00fasico espa\u00f1ol.<\/p>\n<p>1691- Fallece Jorge Fox, m\u00edstico ingl\u00e9s, fundador de la secta de los cu\u00e1queros.<\/p>\n<p>1712- El Consejo de Castilla aprueba los estatutos del Monte de Piedad, redactados por el Padre Piquer.<\/p>\n<p>1750- Tratado de Madrid entre Portugal y Espa\u00f1a, que fija las esferas de influencia de los pa\u00edses ib\u00e9ricos en Am\u00e9rica del Sur.<\/p>\n<p>1759- Varios nobles son ajusticiados en Lisboa, acusados de complicidad en el atentado al rey Jos\u00e9 I.<\/p>\n<p>1776- Guerra de independencia de Estados Unidos: George Washington entra triunfante en Nueva York al frente de sus tropas.<\/p>\n<p>1825- El Alto Per\u00fa proclama su independencia en Cochabamba, con el nombre de Rep\u00fablica de Bol\u00edvar, despu\u00e9s Bolivia.<\/p>\n<p>1854- Fallece Jos\u00e9 Fructuoso Rivera, militar uruguayo, primer presidente constitucional de su pa\u00eds (1830-1834).<\/p>\n<p>1906- Un incendio destruye casi toda la ciudad de Panam\u00e1.<\/p>\n<p>1908- El franc\u00e9s Henri Farman logra un vuelo de mil metros con un avi\u00f3n biplano, en un circuito cerrado.<\/p>\n<p>1915- Un terremoto destruye por completo la ciudad de Avezzano (Italia) y causa la muerte de casi 30.000 personas.<\/p>\n<p>1916- Montenegro capitula despu\u00e9s de las derrotas sufridas ante las fuerzas austroh\u00fangaras.<\/p>\n<p>1924- Nace Roland Petit, bailar\u00edn y core\u00f3grafo franc\u00e9s.<\/p>\n<p>1932- Nace Joseph Zen Ze-Kiun, cardenal chino de la Iglesia Cat\u00f3lica.<\/p>\n<p>1933- El Gobierno republicano espa\u00f1ol sofoca violentamente la rebeli\u00f3n obrera y libertaria iniciada tres d\u00edas antes en Casas Viejas (C\u00e1diz).<\/p>\n<p>&#8211; El Congreso de Estados Unidos aprueba la Ley Howes-Cutting que garantiza la independencia filipina en un plazo de 12 a\u00f1os.<\/p>\n<p>1935- M\u00e1s del 90 por ciento de los electores del Sarre deciden, mediante refer\u00e9ndum, la reincorporaci\u00f3n de la regi\u00f3n a Alemania.<\/p>\n<p>1927- Descubrimiento del testamento hol\u00f3grafo de Hern\u00e1n Cort\u00e9s, conquistador de M\u00e9xico.<\/p>\n<p>1939- Hungr\u00eda se adhiere al pacto antikomintern Berl\u00edn-Tokio.<\/p>\n<p>1941- Fallece James Joyce, escritor irland\u00e9s.<\/p>\n<p>1950- Se restablece la pena de muerte en la Uni\u00f3n Sovi\u00e9tica.<\/p>\n<p>1964- Fidel Castro efect\u00faa un viaje sorpresa a la URSS.<\/p>\n<p>1970- Nace Marco Pantani, ciclista italiano.<\/p>\n<p>1973- Nace Juan Diego Fl\u00f3rez, tenor peruano.<\/p>\n<p>&#8211; Ejecutan en Marruecos a once oficiales de aviaci\u00f3n implicados en un atentado contra el rey Hassan II de Marruecos.<\/p>\n<p>1977- Nace Orlando Bloom, actor brit\u00e1nico.<\/p>\n<p>1987- Cincuenta y cuatro personas mueren al estrellarse un avi\u00f3n militar et\u00edope, cerca del aeropuerto de Asmara.<\/p>\n<p>1991- El socialista Mario Soares es reelegido presidente de Portugal con el 70,43 por cien de los votos.<\/p>\n<p>&#8211; Miles de lituanos se congregan en torno al Parlamento y se enfrentan a las tropas rusas.<\/p>\n<p>1992- El Parlamento de Mongolia aprueba una nueva Constituci\u00f3n, que establece la democracia parlamentaria y el sufragio universal.<\/p>\n<p>&#8211; El ministro espa\u00f1ol de Sanidad y Consumo, Juli\u00e1n Garc\u00eda Valverde, cesa en el cargo tras dimitir por el \u00abcaso Renfe\u00bb.<\/p>\n<p>1993- Acuerdo en Par\u00eds para la prohibici\u00f3n de armas qu\u00edmicas.<\/p>\n<p>1994- En Australia, consiguen controlar los incendios que en dos semanas causaron la muerte de cuatro personas y la destrucci\u00f3n de casi un mill\u00f3n de hect\u00e1reas.<\/p>\n<p>2000- Un equipo internacional de 18 cirujanos realiza en Lyon (Francia) el primer trasplante doble de manos y antebrazos.<\/p>\n<p>2001- Un terremoto de intensidad 7,6 grados en la escala Ritcher causa en el Salvador m\u00e1s de 800 muertos y medio mill\u00f3n de damnificados.<\/p>\n<p>2002- Fallece Jos\u00e9 Mar\u00eda S\u00e1nchez-Silva, periodista y escritor espa\u00f1ol, autor de \u00abMarcelino pan y vino\u00bb.<\/p>\n<p>2004- La Cumbre Extraordinaria de las Am\u00e9ricas finaliza en Monterrey (M\u00e9xico) con la firma de la declaraci\u00f3n de Nuevo Le\u00f3n.<\/p>\n<p>&#8211; Fallece Harold Shipman, conocido como \u00abdoctor muerte\u00bb y presunto asesino de 215 pacientes.<\/p>\n<p>2005- Fallece Salvador Garc\u00eda Aguilar, escritor espa\u00f1ol.<\/p>\n<p>2006- Fallece Ra\u00fal Anguiano, pintor mexicano.<\/p>\n<p>2007- Fallece Michael Brecker, saxofonista estadounidense, ganador de once Grammys.<\/p>\n<p>2008- El Papa oficia en el Vaticano una misa de espaldas a los fieles, como antes del Concilio.<\/p>\n<p>&#8211; Javier Bardem gana el Globo de Oro al mejor actor secundario por \u00abNo es pa\u00eds para viejos\u00bb.<\/p>\n<p>2009- Fallece Patrick McGoohan, actor estadounidense-irland\u00e9s.<\/p>\n<p>2010- Fallece Teddy Pendergrass, cantante de soul estadounidense.<\/p>\n","protected":false},"excerpt":{"rendered":"<p>En un 13 de enero como hoy, pero de 1955, hace 56 a\u00f1os, el presidente de Nicaragua, Anastasio Somoza, desaf\u00eda al presidente de Costa Rica, Jos\u00e9 Figueres, a resolver la disputa entre los dos pa\u00edses mediante un duelo a pistola. 1590- Fallece Francisco de Salinas, organista y m\u00fasico espa\u00f1ol. 1691- Fallece Jorge Fox, m\u00edstico ingl\u00e9s,&hellip;<\/p>\n","protected":false},"author":1,"featured_media":0,"comment_status":"open","ping_status":"open","sticky":false,"template":"","format":"standard","meta":{"footnotes":""},"categories":[14],"tags":[],"class_list":["post-20410","post","type-post","status-publish","format-standard","hentry","category-efemerides"],"_links":{"self":[{"href":"https:\/\/www.elsindical.com.ar\/notas\/wp-json\/wp\/v2\/posts\/20410","targetHints":{"allow":["GET"]}}],"collection":[{"href":"https:\/\/www.elsindical.com.ar\/notas\/wp-json\/wp\/v2\/posts"}],"about":[{"href":"https:\/\/www.elsindical.com.ar\/notas\/wp-json\/wp\/v2\/types\/post"}],"author":[{"embeddable":true,"href":"https:\/\/www.elsindical.com.ar\/notas\/wp-json\/wp\/v2\/users\/1"}],"replies":[{"embeddable":true,"href":"https:\/\/www.elsindical.com.ar\/notas\/wp-json\/wp\/v2\/comments?post=20410"}],"version-history":[{"count":2,"href":"https:\/\/www.elsindical.com.ar\/notas\/wp-json\/wp\/v2\/posts\/20410\/revisions"}],"predecessor-version":[{"id":20413,"href":"https:\/\/www.elsindical.com.ar\/notas\/wp-json\/wp\/v2\/posts\/20410\/revisions\/20413"}],"wp:attachment":[{"href":"https:\/\/www.elsindical.com.ar\/notas\/wp-json\/wp\/v2\/media?parent=20410"}],"wp:term":[{"taxonomy":"category","embeddable":true,"href":"https:\/\/www.elsindical.com.ar\/notas\/wp-json\/wp\/v2\/categories?post=20410"},{"taxonomy":"post_tag","embeddable":true,"href":"https:\/\/www.elsindical.com.ar\/notas\/wp-json\/wp\/v2\/tags?post=20410"}],"curies":[{"name":"wp","href":"https:\/\/api.w.org\/{rel}","templated":true}]}}