{"id":20406,"date":"2012-01-12T21:52:51","date_gmt":"2012-01-13T00:52:51","guid":{"rendered":"http:\/\/www.elsindical.com.ar\/notas\/?p=20406"},"modified":"2012-01-12T21:52:51","modified_gmt":"2012-01-13T00:52:51","slug":"inglaterrajoven-con-extrana-condicion-tiene-dos-vaginas","status":"publish","type":"post","link":"https:\/\/www.elsindical.com.ar\/notas\/inglaterrajoven-con-extrana-condicion-tiene-dos-vaginas\/","title":{"rendered":"Inglaterra:Joven con extra\u00f1a condici\u00f3n, tiene dos vaginas"},"content":{"rendered":"<p style=\"text-align: justify;\"><em><a href=\"http:\/\/www.elsindical.com.ar\/notas\/var\/www\/html\/notas\/wp-content\/uploads\/2012\/01\/Hazel-Jones.jpg\"><img loading=\"lazy\" decoding=\"async\" class=\"alignleft size-medium wp-image-20407\" title=\"Hazel-Jones\" src=\"http:\/\/www.elsindical.com.ar\/notas\/var\/www\/html\/notas\/wp-content\/uploads\/2012\/01\/Hazel-Jones-300x194.jpg\" alt=\"\" width=\"300\" height=\"194\" srcset=\"https:\/\/www.elsindical.com.ar\/notas\/var\/www\/html\/notas\/wp-content\/uploads\/2012\/01\/Hazel-Jones-300x194.jpg 300w, https:\/\/www.elsindical.com.ar\/notas\/var\/www\/html\/notas\/wp-content\/uploads\/2012\/01\/Hazel-Jones.jpg 413w\" sizes=\"auto, (max-width: 300px) 100vw, 300px\" \/><\/a>Hazel Jones tiene 27 a\u00f1os y a los 18 descubri\u00f3 la malformaci\u00f3n cong\u00e9nita que padece. C\u00f3mo es vivir con <strong>\u00fatero didelfo<\/strong>.<\/em><\/p>\n<p style=\"text-align: justify;\">Hazel Jones es una joven brit\u00e1nica, en apariencia, igual a todas y con una vida normal. Sin embargo, la chica de 27 a\u00f1os <strong>sufre una rara condici\u00f3n: tiene dos \u00fateros, dos c\u00e9rvix y dos vaginas.<\/strong><\/p>\n<p style=\"text-align: justify;\">La raz\u00f3n de esta anomal\u00eda es una <strong>malformaci\u00f3n cong\u00e9nita denominada \u00fatero didelfo<\/strong> que, en su versi\u00f3n m\u00e1s ins\u00f3lita, afecta a una de cada mill\u00f3n de mujeres, seg\u00fan inform\u00f3 el sitio <em>ABC<\/em> de Sevilla.<\/p>\n<p style=\"text-align: justify;\">Al parecer, pese a que en la pubertad sufr\u00eda fuertes calambres y abundantes hemorragias durante la menstruaci\u00f3n, <strong>la joven no se percat\u00f3 de su inusual anatom\u00eda hasta cumplir los 18 a\u00f1os<\/strong>, cuando su novio de entonces le dijo que ten\u00eda algo \u201cdiferente\u201d en sus genitales.<\/p>\n<p style=\"text-align: justify;\">\u201cDesde que lo s\u00e9, se lo cuento a todo el mundo. De hecho, si una mujer quiere echarle un vistazo, se las ense\u00f1o sin problema. <strong>No es algo que me averg\u00fcence<\/strong>\u201d, confes\u00f3 la joven al magazine matutino <em>This morning<\/em>, de la cadena brit\u00e1nica ITV.<\/p>\n<p style=\"text-align: justify;\">Debido a su extra\u00f1a condici\u00f3n, los m\u00e9dicos le advirtieron que tendr\u00e1 que ser cuidadosa cuando quiera concebir porque tiene un mayor riesgo de sufrir un aborto espont\u00e1neo, parto prematuro o hemorragias durante la gestaci\u00f3n. Asimismo, <strong>si se queda embarazada, deber\u00e1 evitar ese estado en el otro \u00fatero al mismo tiempo<\/strong>.<\/p>\n<p style=\"text-align: justify;\">A pesar de estas contraindicaciones, la joven no quiso operarse para corregir esta malformaci\u00f3n porque el postoperatorio es \u201cmuy desagradable y deja una gran cicatriz\u201d.<\/p>\n<p style=\"text-align: justify;\">De todos modos, tampoco parece tener problemas ya que <strong>asegur\u00f3 que su vida sexual \u201ces estupenda\u201d.<\/strong><\/p>\n<p style=\"text-align: justify;\">Fuente: Docusalud.com<\/p>\n<p style=\"text-align: justify;\">\n","protected":false},"excerpt":{"rendered":"<p>Hazel Jones tiene 27 a\u00f1os y a los 18 descubri\u00f3 la malformaci\u00f3n cong\u00e9nita que padece. C\u00f3mo es vivir con \u00fatero didelfo. Hazel Jones es una joven brit\u00e1nica, en apariencia, igual a todas y con una vida normal. Sin embargo, la chica de 27 a\u00f1os sufre una rara condici\u00f3n: tiene dos \u00fateros, dos c\u00e9rvix y dos&hellip;<\/p>\n","protected":false},"author":1,"featured_media":0,"comment_status":"open","ping_status":"open","sticky":false,"template":"","format":"standard","meta":{"footnotes":""},"categories":[18],"tags":[9913,9912,9911,1623,3726,9914],"class_list":["post-20406","post","type-post","status-publish","format-standard","hentry","category-internacionales","tag-cervix","tag-didelfo","tag-hazel-jones","tag-inglaterra","tag-utero","tag-vaginas"],"_links":{"self":[{"href":"https:\/\/www.elsindical.com.ar\/notas\/wp-json\/wp\/v2\/posts\/20406","targetHints":{"allow":["GET"]}}],"collection":[{"href":"https:\/\/www.elsindical.com.ar\/notas\/wp-json\/wp\/v2\/posts"}],"about":[{"href":"https:\/\/www.elsindical.com.ar\/notas\/wp-json\/wp\/v2\/types\/post"}],"author":[{"embeddable":true,"href":"https:\/\/www.elsindical.com.ar\/notas\/wp-json\/wp\/v2\/users\/1"}],"replies":[{"embeddable":true,"href":"https:\/\/www.elsindical.com.ar\/notas\/wp-json\/wp\/v2\/comments?post=20406"}],"version-history":[{"count":2,"href":"https:\/\/www.elsindical.com.ar\/notas\/wp-json\/wp\/v2\/posts\/20406\/revisions"}],"predecessor-version":[{"id":20409,"href":"https:\/\/www.elsindical.com.ar\/notas\/wp-json\/wp\/v2\/posts\/20406\/revisions\/20409"}],"wp:attachment":[{"href":"https:\/\/www.elsindical.com.ar\/notas\/wp-json\/wp\/v2\/media?parent=20406"}],"wp:term":[{"taxonomy":"category","embeddable":true,"href":"https:\/\/www.elsindical.com.ar\/notas\/wp-json\/wp\/v2\/categories?post=20406"},{"taxonomy":"post_tag","embeddable":true,"href":"https:\/\/www.elsindical.com.ar\/notas\/wp-json\/wp\/v2\/tags?post=20406"}],"curies":[{"name":"wp","href":"https:\/\/api.w.org\/{rel}","templated":true}]}}