{"id":20402,"date":"2012-01-12T11:19:13","date_gmt":"2012-01-12T14:19:13","guid":{"rendered":"http:\/\/www.elsindical.com.ar\/notas\/?p=20402"},"modified":"2012-01-12T11:19:13","modified_gmt":"2012-01-12T14:19:13","slug":"lanusmatan-a-policia-federal-en-un-aparente-robo-en-remedios-de-escalada","status":"publish","type":"post","link":"https:\/\/www.elsindical.com.ar\/notas\/lanusmatan-a-policia-federal-en-un-aparente-robo-en-remedios-de-escalada\/","title":{"rendered":"Lan\u00fas:Matan a polic\u00eda federal en un aparente robo en Remedios de Escalada"},"content":{"rendered":"<div style=\"text-align: justify;\">\n<p><em><a href=\"http:\/\/www.elsindical.com.ar\/notas\/var\/www\/html\/notas\/wp-content\/uploads\/2010\/06\/disparo-pistola.jpg\"><img loading=\"lazy\" decoding=\"async\" class=\"alignleft size-full wp-image-7054\" title=\"disparo-pistola\" src=\"http:\/\/www.elsindical.com.ar\/notas\/var\/www\/html\/notas\/wp-content\/uploads\/2010\/06\/disparo-pistola.jpg\" alt=\"\" width=\"227\" height=\"191\" \/><\/a>El oficial fue sorprendido en la puerta de la casa de su ex esposa. Tras un intenso tiroteo, <strong>recibi\u00f3 2 disparos y falleci\u00f3<\/strong>. La Federal dispuso un<strong> operativo cerrojo<\/strong> para dar con los delincuentes.<\/em><\/p>\n<\/div>\n<div style=\"text-align: justify;\">\n<p><strong>Un Cabo 1\u00ba de la Polic\u00eda Federal fue asesinado hoy a balazos durante un tiroteo con delincuentes que lo asaltaron en la puerta de la casa de su ex esposa, en Remedios de Escalada, partido bonaerense de Lan\u00fas.<\/strong><\/p>\n<p>Fuentes policiales informaron que el hecho sucedi\u00f3 cerca de las 05:00 hs.\u00a0en Rangugni al 3600, cuando el polic\u00eda ascend\u00eda a su auto y fue abordado por tres delincuentes.<\/p>\n<p>El uniformado federal asesinado es el Cabo 1\u00ba Cristian Ch\u00e1vez, se desempe\u00f1aba en la Divisi\u00f3n Operaciones de la Superintendencia de Interior.<\/p>\n<p><strong>Los ladrones lo interceptaron con otro veh\u00edculo con fines de robo y durante un intenso tiroteo de al menos 20 balazos, el efectivo fue impactado por tres disparos, dos en el abd\u00f3men y uno en la mu\u00f1eca. Las mismas fuentes indicaron que los malvivientes huyeron y se mont\u00f3 un operativo cerrojo. <\/strong><\/p>\n<\/div>\n","protected":false},"excerpt":{"rendered":"<p>El oficial fue sorprendido en la puerta de la casa de su ex esposa. Tras un intenso tiroteo, recibi\u00f3 2 disparos y falleci\u00f3. La Federal dispuso un operativo cerrojo para dar con los delincuentes. Un Cabo 1\u00ba de la Polic\u00eda Federal fue asesinado hoy a balazos durante un tiroteo con delincuentes que lo asaltaron en&hellip;<\/p>\n","protected":false},"author":1,"featured_media":0,"comment_status":"open","ping_status":"open","sticky":false,"template":"","format":"standard","meta":{"footnotes":""},"categories":[22],"tags":[9909,9910,209,6272],"class_list":["post-20402","post","type-post","status-publish","format-standard","hentry","category-policiales","tag-cabo-1o-cristian-chavez","tag-division-operaciones-de-la-superintendencia-de-interior","tag-lanus","tag-remedios-de-escalada"],"_links":{"self":[{"href":"https:\/\/www.elsindical.com.ar\/notas\/wp-json\/wp\/v2\/posts\/20402","targetHints":{"allow":["GET"]}}],"collection":[{"href":"https:\/\/www.elsindical.com.ar\/notas\/wp-json\/wp\/v2\/posts"}],"about":[{"href":"https:\/\/www.elsindical.com.ar\/notas\/wp-json\/wp\/v2\/types\/post"}],"author":[{"embeddable":true,"href":"https:\/\/www.elsindical.com.ar\/notas\/wp-json\/wp\/v2\/users\/1"}],"replies":[{"embeddable":true,"href":"https:\/\/www.elsindical.com.ar\/notas\/wp-json\/wp\/v2\/comments?post=20402"}],"version-history":[{"count":2,"href":"https:\/\/www.elsindical.com.ar\/notas\/wp-json\/wp\/v2\/posts\/20402\/revisions"}],"predecessor-version":[{"id":20404,"href":"https:\/\/www.elsindical.com.ar\/notas\/wp-json\/wp\/v2\/posts\/20402\/revisions\/20404"}],"wp:attachment":[{"href":"https:\/\/www.elsindical.com.ar\/notas\/wp-json\/wp\/v2\/media?parent=20402"}],"wp:term":[{"taxonomy":"category","embeddable":true,"href":"https:\/\/www.elsindical.com.ar\/notas\/wp-json\/wp\/v2\/categories?post=20402"},{"taxonomy":"post_tag","embeddable":true,"href":"https:\/\/www.elsindical.com.ar\/notas\/wp-json\/wp\/v2\/tags?post=20402"}],"curies":[{"name":"wp","href":"https:\/\/api.w.org\/{rel}","templated":true}]}}