{"id":20261,"date":"2012-01-09T01:24:00","date_gmt":"2012-01-09T04:24:00","guid":{"rendered":"http:\/\/www.elsindical.com.ar\/notas\/?p=20261"},"modified":"2012-01-09T01:24:00","modified_gmt":"2012-01-09T04:24:00","slug":"subtesforever-young","status":"publish","type":"post","link":"https:\/\/www.elsindical.com.ar\/notas\/subtesforever-young\/","title":{"rendered":"SUBTES:Forever Young"},"content":{"rendered":"<p style=\"text-align: justify;\"><em><a href=\"http:\/\/www.elsindical.com.ar\/notas\/var\/www\/html\/notas\/wp-content\/uploads\/2012\/01\/Dr.-Federico-Young.jpg\"><img loading=\"lazy\" decoding=\"async\" class=\"alignleft size-medium wp-image-20262\" title=\"Dr. Federico Young\" src=\"http:\/\/www.elsindical.com.ar\/notas\/var\/www\/html\/notas\/wp-content\/uploads\/2012\/01\/Dr.-Federico-Young-300x232.jpg\" alt=\"\" width=\"300\" height=\"232\" srcset=\"https:\/\/www.elsindical.com.ar\/notas\/var\/www\/html\/notas\/wp-content\/uploads\/2012\/01\/Dr.-Federico-Young-300x232.jpg 300w, https:\/\/www.elsindical.com.ar\/notas\/var\/www\/html\/notas\/wp-content\/uploads\/2012\/01\/Dr.-Federico-Young.jpg 413w\" sizes=\"auto, (max-width: 300px) 100vw, 300px\" \/><\/a>Comienza una nueva etapa en la estatal porte\u00f1a SBASE, no s\u00f3lo por el rol asignado para el control y fiscalizaci\u00f3n de la operaci\u00f3n del servicio de los subterr\u00e1neos de Buenos Aires sino tambi\u00e9n por la renovaci\u00f3n de su Directorio: un ex juez civil de la dictadura, el Dr. Federico Young, cuestionado por Organismos de Derechos Humanos por apoyar al gobierno militar genocida, ocupar\u00e1 uno de los codiciados cargos.<\/em><\/p>\n<p style=\"text-align: justify;\">\u00a0Young comparti\u00f3 dos conferencias con Cecilia Pando en las que cuestion\u00f3 los juicios a los represores de la dictadura y a los terroristas de los a\u00f1os \u201970. Cuando Pando tild\u00f3 de terroristas a funcionarios del gobierno nacional: \u201c\u2026Luis Duhalde, Matarollo, Bonasso, Bielsa, Taiana, Bettini, Rigui, Lewin, Anguita\u2026\u201d, Young agreg\u00f3: \u201cTenemos uno que lleg\u00f3 al cargo m\u00e1ximo\u201d, refiri\u00e9ndose al entonces presidente N\u00e9stor Kirchner. La primer conferencia fue el 29 de junio de 2006 bajo la consigna: \u201cLas violaciones de la Constituci\u00f3n y de las leyes por parte del gobierno nacional\u201d y la segunda: \u201cIgualdad ante la Ley, Juicio y castigo a los terroristas de los a\u00f1os 70\u201d realizada el 11 de abril de 2007.<\/p>\n<p style=\"text-align: justify;\">\u00a0Cuando el jefe de gobierno Mauricio Macri cre\u00f3 la Agencia Gubernamental de Control le confi\u00f3 el cargo de Director Ejecutivo y en el corto tiempo que dur\u00f3 su mandato despidi\u00f3 a 100 inspectores de planta y nombr\u00f3 a 14 militares amigos, algunos de ellos con cargos jer\u00e1rquicos durante el gobierno militar.<\/p>\n<p>En una carta de lectores Young aport\u00f3 su soluci\u00f3n respecto a los menores que cometen delitos: \u201cPropongo que se reduzca a 12 a\u00f1os la edad de inimputabilidad de los menores\u201d (La Naci\u00f3n 29\/05\/02).<\/p>\n<p>La presidencia de SBASE seguir\u00e1 en poder de Juan Pablo Piccardo, creador de la UCEP, el triste Grupo de Tareas denunciado por golpear a personas en situaci\u00f3n de calle, causa en la que sigue investigado.<\/p>\n<p>Reci\u00e9n cuando sab\u00eda de la llegada de Young, Piccardo mand\u00f3 a construir una rampa para discapacitados en el hall de la empresa ubicada en Ag\u00fcero 48 para adecuar el edificio a la Ley de accesibilidad de personas con movilidad reducida, exigencia a la que no ha obligado a Metrov\u00edas para el ciudadano com\u00fan en la red de subtes.<\/p>\n<p>Con el escenario de escuchas ilegales (en la que Macri est\u00e1 procesado), grupos para militares-policiales y un desconocimiento supino del transporte subterr\u00e1neo, el ex juez de la dictadura F. Young se sentir\u00e1 de lo m\u00e1s c\u00f3modo.<\/p>\n<p style=\"text-align: justify;\">Agrupaci\u00f3n Amigos del Subte<\/p>\n","protected":false},"excerpt":{"rendered":"<p>Comienza una nueva etapa en la estatal porte\u00f1a SBASE, no s\u00f3lo por el rol asignado para el control y fiscalizaci\u00f3n de la operaci\u00f3n del servicio de los subterr\u00e1neos de Buenos Aires sino tambi\u00e9n por la renovaci\u00f3n de su Directorio: un ex juez civil de la dictadura, el Dr. Federico Young, cuestionado por Organismos de Derechos&hellip;<\/p>\n","protected":false},"author":1,"featured_media":0,"comment_status":"open","ping_status":"open","sticky":false,"template":"","format":"standard","meta":{"footnotes":""},"categories":[21],"tags":[154,892,22020,8784,9863,189,76,7205,876],"class_list":["post-20261","post","type-post","status-publish","format-standard","hentry","category-opinion","tag-buenos-aires","tag-delitos","tag-denuncias","tag-dictadura","tag-dr-federico-young","tag-juez","tag-mauricio-macri","tag-sbase","tag-subte"],"_links":{"self":[{"href":"https:\/\/www.elsindical.com.ar\/notas\/wp-json\/wp\/v2\/posts\/20261","targetHints":{"allow":["GET"]}}],"collection":[{"href":"https:\/\/www.elsindical.com.ar\/notas\/wp-json\/wp\/v2\/posts"}],"about":[{"href":"https:\/\/www.elsindical.com.ar\/notas\/wp-json\/wp\/v2\/types\/post"}],"author":[{"embeddable":true,"href":"https:\/\/www.elsindical.com.ar\/notas\/wp-json\/wp\/v2\/users\/1"}],"replies":[{"embeddable":true,"href":"https:\/\/www.elsindical.com.ar\/notas\/wp-json\/wp\/v2\/comments?post=20261"}],"version-history":[{"count":2,"href":"https:\/\/www.elsindical.com.ar\/notas\/wp-json\/wp\/v2\/posts\/20261\/revisions"}],"predecessor-version":[{"id":20264,"href":"https:\/\/www.elsindical.com.ar\/notas\/wp-json\/wp\/v2\/posts\/20261\/revisions\/20264"}],"wp:attachment":[{"href":"https:\/\/www.elsindical.com.ar\/notas\/wp-json\/wp\/v2\/media?parent=20261"}],"wp:term":[{"taxonomy":"category","embeddable":true,"href":"https:\/\/www.elsindical.com.ar\/notas\/wp-json\/wp\/v2\/categories?post=20261"},{"taxonomy":"post_tag","embeddable":true,"href":"https:\/\/www.elsindical.com.ar\/notas\/wp-json\/wp\/v2\/tags?post=20261"}],"curies":[{"name":"wp","href":"https:\/\/api.w.org\/{rel}","templated":true}]}}