{"id":20242,"date":"2012-01-08T12:50:28","date_gmt":"2012-01-08T15:50:28","guid":{"rendered":"http:\/\/www.elsindical.com.ar\/notas\/?p=20242"},"modified":"2012-01-08T12:50:28","modified_gmt":"2012-01-08T15:50:28","slug":"acusan-a-szpolski-de-amenazar-a-un-periodista","status":"publish","type":"post","link":"https:\/\/www.elsindical.com.ar\/notas\/acusan-a-szpolski-de-amenazar-a-un-periodista\/","title":{"rendered":"Acusan a Szpolski de amenazar a un periodista"},"content":{"rendered":"<p style=\"text-align: justify;\"><em><a href=\"http:\/\/www.elsindical.com.ar\/notas\/var\/www\/html\/notas\/wp-content\/uploads\/2012\/01\/Sergio-Szpolski.jpg\"><img loading=\"lazy\" decoding=\"async\" class=\"alignleft size-medium wp-image-20243\" title=\"Sergio-Szpolski\" src=\"http:\/\/www.elsindical.com.ar\/notas\/var\/www\/html\/notas\/wp-content\/uploads\/2012\/01\/Sergio-Szpolski-300x284.jpg\" alt=\"\" width=\"300\" height=\"284\" srcset=\"https:\/\/www.elsindical.com.ar\/notas\/var\/www\/html\/notas\/wp-content\/uploads\/2012\/01\/Sergio-Szpolski-300x284.jpg 300w, https:\/\/www.elsindical.com.ar\/notas\/var\/www\/html\/notas\/wp-content\/uploads\/2012\/01\/Sergio-Szpolski.jpg 413w\" sizes=\"auto, (max-width: 300px) 100vw, 300px\" \/><\/a>El periodista Alejandro Alfie, que aborda en Clar\u00edn la informaci\u00f3n sobre los medios, <strong><a href=\"http:\/\/www.clarin.com\/politica\/Szpolski-amenazo-periodista-Clarin-mierda_0_623337773.html\" target=\"_blank\">denunci\u00f3 ayer que el empresario Sergio Szpolski,<\/a><\/strong>due\u00f1o del Grupo Veintitr\u00e9s y de fuertes lazos con el kirchnerismo, lo amenaz\u00f3 por tel\u00e9fono.<\/em><\/p>\n<p style=\"text-align: justify;\">\u00abFue un apriete. Me dijo que me iba a hacer mierda y que no iba a poder escribir m\u00e1s sobre \u00e9l. Que iba a ir al colegio de mis hijos y que me va a perseguir judicialmente\u00bb, cont\u00f3, en di\u00e1logo con LA NACION, al relatar el episodio que narr\u00f3 <strong><a href=\"http:\/\/www.clarin.com\/sociedad\/medios\/Fontevecchia-reconvierte-diario-Libre-deportivo_0_622737837.html\" target=\"_blank\">en una nota publicada ayer en su diario.<\/a><\/strong> Y, tras revelar que el empresario volvi\u00f3 a llamarlo ayer para ratificar que lo llevar\u00e1 ante la Justicia, el periodista anticip\u00f3 que en las pr\u00f3ximas horas radicar\u00e1 la denuncia en Tribunales.<\/p>\n<p style=\"text-align: justify;\">La reacci\u00f3n de Szpolski, que admiti\u00f3 haberle dicho al periodista que lo perseguir\u00e1 judicialmente \u00abhasta el fin del mundo\u00bb, se origin\u00f3 por una nota anterior, en la que Alfie transcrib\u00eda un \u00e1spero di\u00e1logo que el propietario del multimedios kirchnerista hab\u00eda mantenido en Twitter con el jefe de redacci\u00f3n del diario Libre, Dar\u00edo Gallo, quien en sucesivos <em> tweets <\/em> lo llam\u00f3 \u00abbanquero cagador\u00bb, \u00abladri\u00bb y \u00abdelincuente\u00bb.<\/p>\n<p style=\"text-align: justify;\">El enfrentamiento, que ambos llevar\u00e1n a la Justicia, se da en momentos en que se ha incrementado la ofensiva contra los medios por parte de sectores cercanos al kirchnerismo, reflejada en el allanamiento a Cablevisi\u00f3n.<\/p>\n<p style=\"text-align: justify;\">\u00abYo simplemente transcrib\u00ed el di\u00e1logo de Szpolski con Gallo. Si est\u00e1 molesto, tendr\u00eda que imput\u00e1rselo al periodista de Perfil\u00bb, explic\u00f3 Alfie, que es licenciado en Ciencias de la Comunicaci\u00f3n por la Universidad de Buenos Aires y trabaja en Clar\u00edn desde hace cuatro a\u00f1os.<\/p>\n<p style=\"text-align: justify;\">\u00abYo nunca denunci\u00e9 a ning\u00fan periodista, y eso que han escrito cosas sobre m\u00ed. En este caso, lo hago porque Alfie es un ariete de Magnetto, se presta a una campa\u00f1a de Clar\u00edn\u00bb, se justific\u00f3 Szpolski, al insistir en que exigir\u00e1 un \u00abresarcimiento civil por calumnias e injurias\u00bb.<\/p>\n<p style=\"text-align: justify;\">Alfie insiste -y lo escribi\u00f3 en Clar\u00edn- que el empresario le dijo: \u00abTe voy a hacer mierda\u00bb. Cont\u00f3, adem\u00e1s, que Szpolski prometi\u00f3 quitarle por v\u00eda judicial la casa y el 30% del sueldo. \u00abSi logro que un juez diga que sos un corrupto, sos un corrupto. Voy a repartir volantes en la escuela de tus hijos y de ah\u00ed a los carteles con tu foto, para que todos se enteren\u00bb, le advirti\u00f3.<\/p>\n<h2 style=\"text-align: justify;\">La segunda llamada<\/h2>\n<p style=\"text-align: justify;\">Por la tem\u00e1tica de su trabajo, el periodista tiene agendado en su celular los tel\u00e9fonos de Szpolski, con quien habl\u00f3 varias veces. Pero ayer, luego de publicada la nota, el empresario lo llam\u00f3 desde un n\u00famero no identificado para negar que le hubiera proferido esa amenaza.<\/p>\n<p style=\"text-align: justify;\">\u00abPens\u00e9 que me llamaba para pedirme disculpas. Pero me dijo que \u00e9l nunca hab\u00eda pronunciado esa frase y me insisti\u00f3 en que me iba a demandar y que no pod\u00eda escribir m\u00e1s sobre \u00e9l. Me recomend\u00f3, adem\u00e1s, que no le iniciara juicio\u00bb, dijo Alfie, que ayer no cesaba de recibir llamadas de solidaridad de colegas de distintos medios y de dirigentes pol\u00edticos de la oposici\u00f3n, desde Alcira Argumedo, de Proyecto Sur, hasta gente de Pro, del Frente Amplio Progresista y de la UCR.<\/p>\n<p style=\"text-align: justify;\">El empresario confirm\u00f3 a LA NACION que volvi\u00f3 a llamar ayer al periodista para decirle que el t\u00edtulo de su nota -\u00abSzpolski amenaz\u00f3 a un periodista de Clar\u00edn: \u00abTe voy a hacer mierda\u00bb\u00bb- era falso. \u00abNo es mi estilo, no es mi lenguaje\u00bb, intent\u00f3 justificarse el due\u00f1o del multimedios que sintoniza con el kirchnerismo y emplea a 800 periodistas.<\/p>\n<p style=\"text-align: justify;\">\u00abS\u00ed le dije que le voy a iniciar una demanda civil por calumnias e injurias y que lo voy a perseguir judicialmente hasta el fin del mundo. Pero no de otra manera. Eso s\u00ed: cuando salga culpable, todo el mundo se va a enterar\u00bb, respondi\u00f3 Szpolski, cuando se le pregunt\u00f3 si le hab\u00eda advertido al periodista que iba a ir hasta la escuela de sus hijos.<\/p>\n<p style=\"text-align: justify;\">Aclar\u00f3, de paso, que nunca fue procesado por la quiebra del Banco Patricios, al negar la acusaci\u00f3n de \u00abbanquero cagador\u00bb.<\/p>\n<p style=\"text-align: justify;\">\n<p style=\"text-align: justify;\">Fuente:La Naci\u00f3n<\/p>\n","protected":false},"excerpt":{"rendered":"<p>El periodista Alejandro Alfie, que aborda en Clar\u00edn la informaci\u00f3n sobre los medios, denunci\u00f3 ayer que el empresario Sergio Szpolski,due\u00f1o del Grupo Veintitr\u00e9s y de fuertes lazos con el kirchnerismo, lo amenaz\u00f3 por tel\u00e9fono. \u00abFue un apriete. Me dijo que me iba a hacer mierda y que no iba a poder escribir m\u00e1s sobre \u00e9l.&hellip;<\/p>\n","protected":false},"author":1,"featured_media":0,"comment_status":"open","ping_status":"open","sticky":false,"template":"","format":"standard","meta":{"footnotes":""},"categories":[6],"tags":[9852,331,70,2758,9851,679,9853,474],"class_list":["post-20242","post","type-post","status-publish","format-standard","hentry","category-denuncias","tag-alejandro-alfie","tag-amenazas","tag-clarin","tag-dario-gallo","tag-grupo-veintitres","tag-kirchnerismo","tag-sergio-szpolski","tag-telefono"],"_links":{"self":[{"href":"https:\/\/www.elsindical.com.ar\/notas\/wp-json\/wp\/v2\/posts\/20242","targetHints":{"allow":["GET"]}}],"collection":[{"href":"https:\/\/www.elsindical.com.ar\/notas\/wp-json\/wp\/v2\/posts"}],"about":[{"href":"https:\/\/www.elsindical.com.ar\/notas\/wp-json\/wp\/v2\/types\/post"}],"author":[{"embeddable":true,"href":"https:\/\/www.elsindical.com.ar\/notas\/wp-json\/wp\/v2\/users\/1"}],"replies":[{"embeddable":true,"href":"https:\/\/www.elsindical.com.ar\/notas\/wp-json\/wp\/v2\/comments?post=20242"}],"version-history":[{"count":1,"href":"https:\/\/www.elsindical.com.ar\/notas\/wp-json\/wp\/v2\/posts\/20242\/revisions"}],"predecessor-version":[{"id":20244,"href":"https:\/\/www.elsindical.com.ar\/notas\/wp-json\/wp\/v2\/posts\/20242\/revisions\/20244"}],"wp:attachment":[{"href":"https:\/\/www.elsindical.com.ar\/notas\/wp-json\/wp\/v2\/media?parent=20242"}],"wp:term":[{"taxonomy":"category","embeddable":true,"href":"https:\/\/www.elsindical.com.ar\/notas\/wp-json\/wp\/v2\/categories?post=20242"},{"taxonomy":"post_tag","embeddable":true,"href":"https:\/\/www.elsindical.com.ar\/notas\/wp-json\/wp\/v2\/tags?post=20242"}],"curies":[{"name":"wp","href":"https:\/\/api.w.org\/{rel}","templated":true}]}}