{"id":20146,"date":"2012-01-04T15:48:49","date_gmt":"2012-01-04T18:48:49","guid":{"rendered":"http:\/\/www.elsindical.com.ar\/notas\/?p=20146"},"modified":"2012-01-04T15:48:49","modified_gmt":"2012-01-04T18:48:49","slug":"misionestodos-vieron-mi-secuestro-y-nadie-hizo-nada-conto-la-mujer-violada-por-15-hombres","status":"publish","type":"post","link":"https:\/\/www.elsindical.com.ar\/notas\/misionestodos-vieron-mi-secuestro-y-nadie-hizo-nada-conto-la-mujer-violada-por-15-hombres\/","title":{"rendered":"Misiones:\u00bbTodos vieron mi secuestro y nadie hizo nada\u00bb, cont\u00f3 la mujer violada por 15 hombres"},"content":{"rendered":"<p style=\"text-align: justify;\"><em><a href=\"http:\/\/www.elsindical.com.ar\/notas\/var\/www\/html\/notas\/wp-content\/uploads\/2011\/03\/v\u00edctima-de-violaci\u00f3n.jpg\"><img loading=\"lazy\" decoding=\"async\" class=\"alignleft size-medium wp-image-12868\" title=\"v\u00edctima-de-violaci\u00f3n\" src=\"http:\/\/www.elsindical.com.ar\/notas\/var\/www\/html\/notas\/wp-content\/uploads\/2011\/03\/v\u00edctima-de-violaci\u00f3n-300x133.jpg\" alt=\"\" width=\"300\" height=\"133\" srcset=\"https:\/\/www.elsindical.com.ar\/notas\/var\/www\/html\/notas\/wp-content\/uploads\/2011\/03\/v\u00edctima-de-violaci\u00f3n-300x133.jpg 300w, https:\/\/www.elsindical.com.ar\/notas\/var\/www\/html\/notas\/wp-content\/uploads\/2011\/03\/v\u00edctima-de-violaci\u00f3n.jpg 413w\" sizes=\"auto, (max-width: 300px) 100vw, 300px\" \/><\/a>Ya hay diez detenidos por el caso y prestar\u00e1n declaraci\u00f3n ante el juez de instrucci\u00f3n N\u00ba2 de Ober\u00e1, Horacio Alarc\u00f3n. Los agresores se encuentran alojados en las comisar\u00edas de Arist\u00f3bulo del Valle y 25 de Mayo. El testimonio desgarrador de Rosana, quien el viernes fue ultrajada por varios hombres.<\/em><\/p>\n<p style=\"text-align: justify;\">Durante un operativo realizado en la noche del lunes, una patrulla de la comisar\u00eda de 25 de Mayo logr\u00f3 localizar a cuatro sospechosos m\u00e1s por la violaci\u00f3n de la mujer en la localidad de 25 de Mayo. Los mismos prestaran declaraci\u00f3n hoy ante el juez de instrucci\u00f3n N\u00ba2 de Ober\u00e1, Horacio Alarc\u00f3n.<br \/>\nEl hecho sali\u00f3 a la luz cuando la mujer de 35 a\u00f1os denunci\u00f3 el domingo que el pasado viernes un grupo de entre diez y quince j\u00f3venes abusaron sexualmente de ella momentos en que se encontraba con su concubino en un bar. Seg\u00fan el testimonio dado en la sede policial, en el lugar los integrantes del grupo la sometieron sexualmente durante la noche y alrededor de las 5 del d\u00eda siguiente fue liberada por sus captores, quienes desaparecieron de la zona.<br \/>\nEn declaraciones a medios radiales la v\u00edctima relat\u00f3 que \u00abdos personas me amenazaron y me llevaron a la fuerza, me secuestraron a la vista de todo el mundo y hay mucha gente que vio lo que pas\u00f3 pero nadie hizo nada\u00bb, dijo. Seg\u00fan trascendi\u00f3, su concubino intent\u00f3 buscar ayuda, pero no fue atendido. Asimismo, al momento del hecho, no hab\u00eda polic\u00eda en el lugar, ya que el \u00fanico agente est\u00e1 de licencia.<br \/>\nEl grupo de malvivientes la llev\u00f3 a un domicilio en El Saltito donde la violaron y abusaron de ella. La mujer cont\u00f3 que \u00abhay muchas cosas que no recuerdo, me dieron bebidas. La violaci\u00f3n fue en estado de inconciencia y no recuerdo pero cuando llegu\u00e9 a mi casa ingres\u00e9 al ba\u00f1o y ya perd\u00eda sangre\u00bb. Rosana agreg\u00f3 que \u00abfueron muchos los que me violaron\u00bb.<br \/>\nPor otra parte la mujer tambi\u00e9n explic\u00f3 que su hija de once a\u00f1os fue a buscarla pero \u00abla sacaron a pedradas. Yo no conozco casi nada del Saltito, no hablo brasilero era un mundo distinto y no entiendo nada lo que pas\u00f3\u00bb, finaliz\u00f3.<br \/>\nSeg\u00fan fuentes policiales, la mujer vive en el lugar hace una semana por lo que no pudo identificar a sus agresores, pero s\u00ed lograron detener a estas 10 personas por el aporte de su concubino que s\u00ed los conoc\u00eda, adem\u00e1s de testigos y vecinos que observaron la situaci\u00f3n. Durante un operativo realizado en la noche del lunes, personal de la comisar\u00eda de 25 de Mayo logr\u00f3 localizar a cuatro sospechosos m\u00e1s por la violaci\u00f3n de una mujer en 25 de Mayo.<br \/>\nEn total son diez los detenidos hasta el momento y se trata de Daniel Da Silva (24), Sergio Samuel Da Silva (25), Francisco Fagundes Da Silva (28), Claudio Samuel Hauber (26), Adri\u00e1n Falvio Hauber (21) y Nelson Ezequiel Hauber (25), Germ\u00e1n Marcos Haubert (20); Silvio Dario Clayner (20); Juan Neris (20); y Sandro Ra\u00fal L\u00f3pez (22). Seg\u00fan fuentes policiales habr\u00eda m\u00e1s implicados.<\/p>\n<p style=\"text-align: justify;\">Los mismos prestar\u00e1n declaraci\u00f3n hoy ante el juez de Instrucci\u00f3n N\u00ba2 de Ober\u00e1. Todos los detenidos se encuentran alojados en las comisar\u00edas de Arist\u00f3bulo del Valle y 25 de Mayo.<\/p>\n<p style=\"text-align: justify;\">(Fuente: Misiones Online)<\/p>\n","protected":false},"excerpt":{"rendered":"<p>Ya hay diez detenidos por el caso y prestar\u00e1n declaraci\u00f3n ante el juez de instrucci\u00f3n N\u00ba2 de Ober\u00e1, Horacio Alarc\u00f3n. Los agresores se encuentran alojados en las comisar\u00edas de Arist\u00f3bulo del Valle y 25 de Mayo. El testimonio desgarrador de Rosana, quien el viernes fue ultrajada por varios hombres. Durante un operativo realizado en la&hellip;<\/p>\n","protected":false},"author":1,"featured_media":0,"comment_status":"open","ping_status":"open","sticky":false,"template":"","format":"standard","meta":{"footnotes":""},"categories":[22],"tags":[9804,342,9816,742,2243,235,8286,30,9643,271],"class_list":["post-20146","post","type-post","status-publish","format-standard","hentry","category-policiales","tag-25-de-mayo","tag-abuso","tag-aristobulo-del-valle","tag-detenidos","tag-misiones","tag-mujer","tag-obera","tag-policia","tag-rapto","tag-violacion"],"_links":{"self":[{"href":"https:\/\/www.elsindical.com.ar\/notas\/wp-json\/wp\/v2\/posts\/20146","targetHints":{"allow":["GET"]}}],"collection":[{"href":"https:\/\/www.elsindical.com.ar\/notas\/wp-json\/wp\/v2\/posts"}],"about":[{"href":"https:\/\/www.elsindical.com.ar\/notas\/wp-json\/wp\/v2\/types\/post"}],"author":[{"embeddable":true,"href":"https:\/\/www.elsindical.com.ar\/notas\/wp-json\/wp\/v2\/users\/1"}],"replies":[{"embeddable":true,"href":"https:\/\/www.elsindical.com.ar\/notas\/wp-json\/wp\/v2\/comments?post=20146"}],"version-history":[{"count":2,"href":"https:\/\/www.elsindical.com.ar\/notas\/wp-json\/wp\/v2\/posts\/20146\/revisions"}],"predecessor-version":[{"id":20148,"href":"https:\/\/www.elsindical.com.ar\/notas\/wp-json\/wp\/v2\/posts\/20146\/revisions\/20148"}],"wp:attachment":[{"href":"https:\/\/www.elsindical.com.ar\/notas\/wp-json\/wp\/v2\/media?parent=20146"}],"wp:term":[{"taxonomy":"category","embeddable":true,"href":"https:\/\/www.elsindical.com.ar\/notas\/wp-json\/wp\/v2\/categories?post=20146"},{"taxonomy":"post_tag","embeddable":true,"href":"https:\/\/www.elsindical.com.ar\/notas\/wp-json\/wp\/v2\/tags?post=20146"}],"curies":[{"name":"wp","href":"https:\/\/api.w.org\/{rel}","templated":true}]}}