{"id":20114,"date":"2012-01-03T11:09:39","date_gmt":"2012-01-03T14:09:39","guid":{"rendered":"http:\/\/www.elsindical.com.ar\/notas\/?p=20114"},"modified":"2012-01-03T11:09:39","modified_gmt":"2012-01-03T14:09:39","slug":"corte-e-incidentes-en-gral-paz-en-reclamo-de-viviendas","status":"publish","type":"post","link":"https:\/\/www.elsindical.com.ar\/notas\/corte-e-incidentes-en-gral-paz-en-reclamo-de-viviendas\/","title":{"rendered":"Corte e incidentes en Gral.Paz en reclamo de viviendas"},"content":{"rendered":"<div id=\"bajada\" style=\"text-align: justify;\">\n<p><em><a href=\"http:\/\/www.elsindical.com.ar\/notas\/var\/www\/html\/notas\/wp-content\/uploads\/2012\/01\/corte-Gral.Paz_.jpg\"><img loading=\"lazy\" decoding=\"async\" class=\"alignleft size-medium wp-image-20115\" title=\"corte-Gral.Paz\" src=\"http:\/\/www.elsindical.com.ar\/notas\/var\/www\/html\/notas\/wp-content\/uploads\/2012\/01\/corte-Gral.Paz_-300x167.jpg\" alt=\"\" width=\"300\" height=\"167\" srcset=\"https:\/\/www.elsindical.com.ar\/notas\/var\/www\/html\/notas\/wp-content\/uploads\/2012\/01\/corte-Gral.Paz_-300x167.jpg 300w, https:\/\/www.elsindical.com.ar\/notas\/var\/www\/html\/notas\/wp-content\/uploads\/2012\/01\/corte-Gral.Paz_.jpg 413w\" sizes=\"auto, (max-width: 300px) 100vw, 300px\" \/><\/a>Un grupo de manifestantes cort\u00f3 la transitad\u00edsima arteria porte\u00f1a en solicitud de planes para poder adquirir casas. La mano est\u00e1 cortada en el sentido al R\u00edo de la Plata, a la altura de Eva Per\u00f3n.<\/em><\/p>\n<\/div>\n<div id=\"texto\" style=\"text-align: justify;\">\n<p>Un grupo de manifestantes del denominado barrio El Elefante Blanco,\u00a0cortaba en su totalidad los carriles de la avenida General Paz mano al R\u00edo de la Plata, a la altura del cruce con la avenida Eva Per\u00f3n, en el l\u00edmite de los barrios porte\u00f1os de Mataderos y Villa Lugano, informaron fuentes policiales.<\/p>\n<p>En el lugar del corte, que comenz\u00f3 a las 08:30 hs., los manifestantes quemaban gomas sobre la calzada y ocasionaban grandes demoras en el tr\u00e1nsito.<\/p>\n<p>Desde entonces la polic\u00eda vial desviaba a los veh\u00edculos por la colectora, en tanto la mano que va hacia el Riachuelo permanec\u00eda abierta aunque se circulaba en forma lenta.<\/p>\n<p>La Polic\u00eda Federal recomienda a los automovilistas evitar la zona y tomar por la avenida Roca, la autopista Dellepiane o la autopista Ricchieri.<\/p>\n<p>Promediando las 10:35 hs., la Polic\u00eda Federal despejo el lugar y se produjeron algunos incidentes menores, en los forcejeos, algunas mujeres denunciaban haber sido golpeadas.<\/p>\n<p>Los reclamantes se quedaron a un costado de la autopista amenazando con volver al corte.<\/p>\n<\/div>\n","protected":false},"excerpt":{"rendered":"<p>Un grupo de manifestantes cort\u00f3 la transitad\u00edsima arteria porte\u00f1a en solicitud de planes para poder adquirir casas. La mano est\u00e1 cortada en el sentido al R\u00edo de la Plata, a la altura de Eva Per\u00f3n. Un grupo de manifestantes del denominado barrio El Elefante Blanco,\u00a0cortaba en su totalidad los carriles de la avenida General Paz&hellip;<\/p>\n","protected":false},"author":1,"featured_media":0,"comment_status":"open","ping_status":"open","sticky":false,"template":"","format":"standard","meta":{"footnotes":""},"categories":[22],"tags":[3601,66,6215,958,292,512,986],"class_list":["post-20114","post","type-post","status-publish","format-standard","hentry","category-policiales","tag-casas","tag-corte","tag-gral-paz","tag-policia-federal","tag-protesta","tag-reclamo","tag-vecinos"],"_links":{"self":[{"href":"https:\/\/www.elsindical.com.ar\/notas\/wp-json\/wp\/v2\/posts\/20114","targetHints":{"allow":["GET"]}}],"collection":[{"href":"https:\/\/www.elsindical.com.ar\/notas\/wp-json\/wp\/v2\/posts"}],"about":[{"href":"https:\/\/www.elsindical.com.ar\/notas\/wp-json\/wp\/v2\/types\/post"}],"author":[{"embeddable":true,"href":"https:\/\/www.elsindical.com.ar\/notas\/wp-json\/wp\/v2\/users\/1"}],"replies":[{"embeddable":true,"href":"https:\/\/www.elsindical.com.ar\/notas\/wp-json\/wp\/v2\/comments?post=20114"}],"version-history":[{"count":1,"href":"https:\/\/www.elsindical.com.ar\/notas\/wp-json\/wp\/v2\/posts\/20114\/revisions"}],"predecessor-version":[{"id":20116,"href":"https:\/\/www.elsindical.com.ar\/notas\/wp-json\/wp\/v2\/posts\/20114\/revisions\/20116"}],"wp:attachment":[{"href":"https:\/\/www.elsindical.com.ar\/notas\/wp-json\/wp\/v2\/media?parent=20114"}],"wp:term":[{"taxonomy":"category","embeddable":true,"href":"https:\/\/www.elsindical.com.ar\/notas\/wp-json\/wp\/v2\/categories?post=20114"},{"taxonomy":"post_tag","embeddable":true,"href":"https:\/\/www.elsindical.com.ar\/notas\/wp-json\/wp\/v2\/tags?post=20114"}],"curies":[{"name":"wp","href":"https:\/\/api.w.org\/{rel}","templated":true}]}}