{"id":20064,"date":"2012-01-01T03:11:30","date_gmt":"2012-01-01T06:11:30","guid":{"rendered":"http:\/\/www.elsindical.com.ar\/notas\/?p=20064"},"modified":"2012-01-01T03:11:30","modified_gmt":"2012-01-01T06:11:30","slug":"se-acordo-el-traspaso-de-los-subtes-a-la-ciudad-desde-el-martes","status":"publish","type":"post","link":"https:\/\/www.elsindical.com.ar\/notas\/se-acordo-el-traspaso-de-los-subtes-a-la-ciudad-desde-el-martes\/","title":{"rendered":"Se acord\u00f3 el traspaso de los subtes a la Ciudad desde el martes"},"content":{"rendered":"<p style=\"text-align: justify;\"><em><a href=\"http:\/\/www.elsindical.com.ar\/notas\/var\/www\/html\/notas\/wp-content\/uploads\/2011\/02\/metrov\u00edas-subte.jpg\"><img loading=\"lazy\" decoding=\"async\" class=\"alignleft size-medium wp-image-12203\" title=\"metrov\u00edas-subte\" src=\"http:\/\/www.elsindical.com.ar\/notas\/var\/www\/html\/notas\/wp-content\/uploads\/2011\/02\/metrov\u00edas-subte-300x180.jpg\" alt=\"\" width=\"300\" height=\"180\" srcset=\"https:\/\/www.elsindical.com.ar\/notas\/var\/www\/html\/notas\/wp-content\/uploads\/2011\/02\/metrov\u00edas-subte-300x180.jpg 300w, https:\/\/www.elsindical.com.ar\/notas\/var\/www\/html\/notas\/wp-content\/uploads\/2011\/02\/metrov\u00edas-subte.jpg 325w\" sizes=\"auto, (max-width: 300px) 100vw, 300px\" \/><\/a>Tras arduas negociaciones, en el \u00faltimo d\u00eda del 2011 el Gobierno nacional acord\u00f3 con el de la ciudad de Buenos Aires el traspaso de los subtes a la \u00f3rbita porte\u00f1a a partir del martes. De esta manera, la gesti\u00f3n de Mauricio Macri estar\u00e1 a cargo de la fiscalizaci\u00f3n, el control y la potestad tarifaria del servicio, en tanto que Naci\u00f3n se comprometi\u00f3 al pago del 50 por ciento de los subsidios por el t\u00e9rmino de un a\u00f1o.<\/em><\/p>\n<p style=\"text-align: justify;\">El Gobierno nacional y el de la Ciudad de Buenos Aires acordaron ayer hoy la transferencia de los subterr\u00e1neos a partir del primer d\u00eda h\u00e1bil de 2012, seg\u00fan inform\u00f3 el Ministerio de Planificaci\u00f3n Federal a trav\u00e9s de la Secretar\u00eda de Transporte.<\/p>\n<p style=\"text-align: justify;\">\u00a0\u00abLa firma de lo acordado hoy se realizar\u00e1 el martes\u00bb, confirm\u00f3 el secretario de Transporte, Juan Pablo Schiavi, al confirmar el entendimiento alcanzado en el \u00faltimo d\u00eda del 2011 con los funcionarios del gobierno de Mauricio Macri.<\/p>\n<p style=\"text-align: justify;\">El funcionario nacional opt\u00f3 por no dar detalles de lo acordado referido al tema tarifario, los subsidios y las inversiones ya comprometidas y las proyectadas.<\/p>\n<p style=\"text-align: justify;\">La concreci\u00f3n del acuerdo se har\u00e1 efectiva \u00aba partir del primer d\u00eda h\u00e1bil del a\u00f1o 2012 e implica la transferencia a la Ciudad de la totalidad de la red de subterr\u00e1neos y premetro, la fiscalizaci\u00f3n, el control y la potestad tarifaria del servicio\u00bb, se inform\u00f3 oficialmente.<\/p>\n<p style=\"text-align: justify;\">Por su parte la Naci\u00f3n refrend\u00f3 su propuesta y \u00abse compromete al pago del 50 por ciento de los subsidios por el t\u00e9rmino de un a\u00f1o\u00bb y, al mismo tiempo, \u00abse establece un plazo de 90 d\u00edas para la formalizaci\u00f3n de las cuestiones administrativas correspondientes.<\/p>\n<p style=\"text-align: justify;\">En un comunicado difundido ayer se expres\u00f3 que \u00abpara el Gobierno Nacional significa una gran noticia, ya que se fortalece el federalismo y se convalida as\u00ed lo afirmado por la presidenta Cristina Fern\u00e1ndez de Kirchner, en relaci\u00f3n a que cada jurisdicci\u00f3n se haga cargo de los temas inherentes a su distrito, para una mejora de la gesti\u00f3n p\u00fablica global en todo el pa\u00eds\u00bb.<\/p>\n<p style=\"text-align: justify;\">De esta manera, desde el martes el Gobierno de la Ciudad tendr\u00e1 a su cargo el control sobre las seis l\u00edneas de subterr\u00e1neos y el premetro.<\/p>\n<p style=\"text-align: justify;\">El mi\u00e9rcoles la Presidenta hab\u00eda pedido al jefe de Gobierno porte\u00f1o que se concrete en enero la transferencia del servicio de subterr\u00e1neos a la \u00f3rbita de la Ciudad de Buenos Aires.<\/p>\n<p style=\"text-align: justify;\">\u00abLe pido al se\u00f1or jefe de Gobierno de la Ciudad de Buenos Aires si se puede terminar con la transferencia de los subtes. Le pido encarecidamente que haga un esfuercito\u00bb, asever\u00f3 la mandataria al encabezar un acto en Casa de Gobierno.<\/p>\n<p style=\"text-align: justify;\">En un principio, cuando el Gobierno nacional plante\u00f3 el traspaso de la red de subtes la respuesta desde el Ejecutivo porte\u00f1o fue la de hacerse cargo de manera gradual con el mantenimiento del pago de subsidios de parte de la Naci\u00f3n hasta 2017.<\/p>\n<p style=\"text-align: justify;\">A poco de un cumplirse un siglo de la inauguraci\u00f3n de la L\u00ednea A -en 1913-, m\u00e1s de 1,6 millones de pasajeros viajan a diario por la seis l\u00edneas y el premetro que integran este sistema de transporte cuya concesi\u00f3n est\u00e1 a cargo de la empresa Metrov\u00edas por cinco a\u00f1os m\u00e1s.<\/p>\n","protected":false},"excerpt":{"rendered":"<p>Tras arduas negociaciones, en el \u00faltimo d\u00eda del 2011 el Gobierno nacional acord\u00f3 con el de la ciudad de Buenos Aires el traspaso de los subtes a la \u00f3rbita porte\u00f1a a partir del martes. De esta manera, la gesti\u00f3n de Mauricio Macri estar\u00e1 a cargo de la fiscalizaci\u00f3n, el control y la potestad tarifaria del&hellip;<\/p>\n","protected":false},"author":1,"featured_media":0,"comment_status":"open","ping_status":"open","sticky":false,"template":"","format":"standard","meta":{"footnotes":""},"categories":[13],"tags":[4627,1011,761,402,2219,2053,8938],"class_list":["post-20064","post","type-post","status-publish","format-standard","hentry","category-politica","tag-ejecutivo","tag-gobierno-de-la-ciudad","tag-gobierno-nacional","tag-pasajeros","tag-porteno","tag-subterraneo","tag-traspaso"],"_links":{"self":[{"href":"https:\/\/www.elsindical.com.ar\/notas\/wp-json\/wp\/v2\/posts\/20064","targetHints":{"allow":["GET"]}}],"collection":[{"href":"https:\/\/www.elsindical.com.ar\/notas\/wp-json\/wp\/v2\/posts"}],"about":[{"href":"https:\/\/www.elsindical.com.ar\/notas\/wp-json\/wp\/v2\/types\/post"}],"author":[{"embeddable":true,"href":"https:\/\/www.elsindical.com.ar\/notas\/wp-json\/wp\/v2\/users\/1"}],"replies":[{"embeddable":true,"href":"https:\/\/www.elsindical.com.ar\/notas\/wp-json\/wp\/v2\/comments?post=20064"}],"version-history":[{"count":2,"href":"https:\/\/www.elsindical.com.ar\/notas\/wp-json\/wp\/v2\/posts\/20064\/revisions"}],"predecessor-version":[{"id":20066,"href":"https:\/\/www.elsindical.com.ar\/notas\/wp-json\/wp\/v2\/posts\/20064\/revisions\/20066"}],"wp:attachment":[{"href":"https:\/\/www.elsindical.com.ar\/notas\/wp-json\/wp\/v2\/media?parent=20064"}],"wp:term":[{"taxonomy":"category","embeddable":true,"href":"https:\/\/www.elsindical.com.ar\/notas\/wp-json\/wp\/v2\/categories?post=20064"},{"taxonomy":"post_tag","embeddable":true,"href":"https:\/\/www.elsindical.com.ar\/notas\/wp-json\/wp\/v2\/tags?post=20064"}],"curies":[{"name":"wp","href":"https:\/\/api.w.org\/{rel}","templated":true}]}}