{"id":20055,"date":"2011-12-31T12:54:32","date_gmt":"2011-12-31T15:54:32","guid":{"rendered":"http:\/\/www.elsindical.com.ar\/notas\/?p=20055"},"modified":"2011-12-31T12:54:32","modified_gmt":"2011-12-31T15:54:32","slug":"la-oferta-de-sexo-al-tope-de-los-reclamos-de-los-habitantes-de-capital-federal","status":"publish","type":"post","link":"https:\/\/www.elsindical.com.ar\/notas\/la-oferta-de-sexo-al-tope-de-los-reclamos-de-los-habitantes-de-capital-federal\/","title":{"rendered":"La oferta de sexo, al tope de los reclamos de los habitantes de Capital Federal"},"content":{"rendered":"<p style=\"text-align: justify;\"><em><a href=\"http:\/\/www.elsindical.com.ar\/notas\/var\/www\/html\/notas\/wp-content\/uploads\/2009\/10\/oferta-prostituci\u00f3n.jpg\"><img loading=\"lazy\" decoding=\"async\" class=\"alignleft size-full wp-image-1050\" title=\"oferta-prostituci\u00f3n\" src=\"http:\/\/www.elsindical.com.ar\/notas\/var\/www\/html\/notas\/wp-content\/uploads\/2009\/10\/oferta-prostituci\u00f3n.jpg\" alt=\"\" width=\"265\" height=\"213\" \/><\/a>Hasta septiembre, las faltas contravencionales que m\u00e1s denunciaron los vecinos en las 12 Unidades de Orientaci\u00f3n y Denuncias (UOD) del Ministerio P\u00fablico Fiscal de la ciudad fueron los ofrecimientos de prostituci\u00f3n:<strong> hubo 4.553 presentaciones. Muchas de las denuncias apuntan a departamentos privados<\/strong>.<\/em><\/p>\n<p style=\"text-align: justify;\">En la actualidad el top five de las denuncias de los habitantes de la Capital Federal la completan el uso indebido del espacio p\u00fablico, los ruidos molestos, la acci\u00f3n de hostigar, maltratar a otra persona y conducir ebrio o bajo los efectos de drogas.<\/p>\n<p style=\"text-align: justify;\"><strong>\u00c9stas y otras acciones conflictivas, como organizar y explotar el juego ilegal en sitios privados o en la v\u00eda p\u00fablica, moviliza hoy a los porte\u00f1os a requerir una instancia judicial para resolver los conflictos. Mientras que la figura de \u00abamenazas\u00bb es el delito que m\u00e1s presentaciones vecinales motiv\u00f3.<\/strong><\/p>\n<p style=\"text-align: justify;\">\u00abCon la modernizaci\u00f3n que hemos incorporado en nuestras oficinas, la gente se anima a acompa\u00f1arnos para reconstruir el espacio p\u00fablico y hacer respetar la ley. Detr\u00e1s de estas conductas, como la oferta de sexo o el uso indebido del espacio p\u00fablico, hay grupos\u00a0 delictivos. La fiscal\u00eda realiz\u00f3 varios allanamientos gracias a estas denuncias, donde por ejemplo se comprob\u00f3 la existencia de trata de personas\u00bb, afirm\u00f3 el fiscal general porte\u00f1o Germ\u00e1n Garavano.<\/p>\n<p style=\"text-align: justify;\"><strong>En di\u00e1logo con un matutino porte\u00f1o, el funcionario agreg\u00f3 que \u00abpor un lado el plan de acceso con difusi\u00f3n de delitos le facilit\u00f3 a la gente la posibilidad de denunciar, una cuesti\u00f3n que antes era una potestad policial. Por este motivo hoy los vecinos demandan cada vez m\u00e1s, van a las fiscal\u00edas y as\u00ed accionan este mecanismo de control y sanci\u00f3n\u00bb.<\/strong><\/p>\n<p style=\"text-align: justify;\">En junio pasado una vecina, con seis testigos, denunci\u00f3 por da\u00f1os, violaci\u00f3n de domicilio y ruidos molestos al due\u00f1o de un reconocido supermercado que instal\u00f3 un \u00ablocal express\u00bb en la planta baja de un edificio, lindero al departamento que alquila, en Congreso.<\/p>\n<p style=\"text-align: justify;\"><strong>La denuncia fue porque ingresaron en la vivienda sin permiso, rompieron un vidrio y colocaron un andamio para instalar dos ca\u00f1os. \u00abEl 15 de junio recib\u00ed una llamada de mi inquilina avis\u00e1ndome que al salir del ba\u00f1o hab\u00eda sorprendido a seis obreros trabajando en el patio de mi casa sin permiso\u00bb, asegur\u00f3 la denunciante seg\u00fan consta en la causa.<\/strong><\/p>\n<p style=\"text-align: justify;\">Pero luego de una mediaci\u00f3n, hubo un acuerdo de partes en la que el propietario del comercio se comprometi\u00f3 a pagar los da\u00f1os ocasionados.<\/p>\n<p style=\"text-align: justify;\"><strong>Este programa judicial, que se cre\u00f3 en 2007 para atender en forma inmediata a la gente, posee un tel\u00e9fono gratuito: el 0800-33-347225 (fiscal).<\/strong><\/p>\n","protected":false},"excerpt":{"rendered":"<p>Hasta septiembre, las faltas contravencionales que m\u00e1s denunciaron los vecinos en las 12 Unidades de Orientaci\u00f3n y Denuncias (UOD) del Ministerio P\u00fablico Fiscal de la ciudad fueron los ofrecimientos de prostituci\u00f3n: hubo 4.553 presentaciones. Muchas de las denuncias apuntan a departamentos privados. En la actualidad el top five de las denuncias de los habitantes de&hellip;<\/p>\n","protected":false},"author":1,"featured_media":0,"comment_status":"open","ping_status":"open","sticky":false,"template":"","format":"standard","meta":{"footnotes":""},"categories":[25],"tags":[296,22020,1465,491,514,986],"class_list":["post-20055","post","type-post","status-publish","format-standard","hentry","category-sociedad","tag-capital-federal","tag-denuncias","tag-ministerio-publico-fiscal","tag-prostitucion","tag-reclamos","tag-vecinos"],"_links":{"self":[{"href":"https:\/\/www.elsindical.com.ar\/notas\/wp-json\/wp\/v2\/posts\/20055","targetHints":{"allow":["GET"]}}],"collection":[{"href":"https:\/\/www.elsindical.com.ar\/notas\/wp-json\/wp\/v2\/posts"}],"about":[{"href":"https:\/\/www.elsindical.com.ar\/notas\/wp-json\/wp\/v2\/types\/post"}],"author":[{"embeddable":true,"href":"https:\/\/www.elsindical.com.ar\/notas\/wp-json\/wp\/v2\/users\/1"}],"replies":[{"embeddable":true,"href":"https:\/\/www.elsindical.com.ar\/notas\/wp-json\/wp\/v2\/comments?post=20055"}],"version-history":[{"count":1,"href":"https:\/\/www.elsindical.com.ar\/notas\/wp-json\/wp\/v2\/posts\/20055\/revisions"}],"predecessor-version":[{"id":20056,"href":"https:\/\/www.elsindical.com.ar\/notas\/wp-json\/wp\/v2\/posts\/20055\/revisions\/20056"}],"wp:attachment":[{"href":"https:\/\/www.elsindical.com.ar\/notas\/wp-json\/wp\/v2\/media?parent=20055"}],"wp:term":[{"taxonomy":"category","embeddable":true,"href":"https:\/\/www.elsindical.com.ar\/notas\/wp-json\/wp\/v2\/categories?post=20055"},{"taxonomy":"post_tag","embeddable":true,"href":"https:\/\/www.elsindical.com.ar\/notas\/wp-json\/wp\/v2\/tags?post=20055"}],"curies":[{"name":"wp","href":"https:\/\/api.w.org\/{rel}","templated":true}]}}