{"id":20000,"date":"2011-12-30T00:07:46","date_gmt":"2011-12-30T03:07:46","guid":{"rendered":"http:\/\/www.elsindical.com.ar\/notas\/?p=20000"},"modified":"2011-12-30T00:07:46","modified_gmt":"2011-12-30T03:07:46","slug":"efemeridesdel-dia-30-de-diciembre-2","status":"publish","type":"post","link":"https:\/\/www.elsindical.com.ar\/notas\/efemeridesdel-dia-30-de-diciembre-2\/","title":{"rendered":"EFEM\u00c9RIDES:DEL D\u00cdA 30 DE DICIEMBRE"},"content":{"rendered":"<p style=\"text-align: justify;\"><a href=\"http:\/\/www.elsindical.com.ar\/notas\/var\/www\/html\/notas\/wp-content\/uploads\/2011\/12\/Sadam-Husein-ahorcado.jpg\"><img loading=\"lazy\" decoding=\"async\" class=\"alignleft size-medium wp-image-20001\" title=\"Sadam-Husein-ahorcado\" src=\"http:\/\/www.elsindical.com.ar\/notas\/var\/www\/html\/notas\/wp-content\/uploads\/2011\/12\/Sadam-Husein-ahorcado-300x193.jpg\" alt=\"\" width=\"300\" height=\"193\" srcset=\"https:\/\/www.elsindical.com.ar\/notas\/var\/www\/html\/notas\/wp-content\/uploads\/2011\/12\/Sadam-Husein-ahorcado-300x193.jpg 300w, https:\/\/www.elsindical.com.ar\/notas\/var\/www\/html\/notas\/wp-content\/uploads\/2011\/12\/Sadam-Husein-ahorcado.jpg 325w\" sizes=\"auto, (max-width: 300px) 100vw, 300px\" \/><\/a>En otro 30 de diciembre, pero de 1853, M\u00e9xico vende a Estados Unidos 78.000 kil\u00f3metros cuadrados en el sur de Arizona y de Nuevo M\u00e9xico por diez millones de d\u00f3lares.<\/p>\n<p style=\"text-align: justify;\">1691- Muere Robert Boyle, f\u00edsico y qu\u00edmico angloirland\u00e9s.<\/p>\n<p style=\"text-align: justify;\">1814- Se proh\u00edbe el duelo, bajo pena de muerte, en Argentina.<\/p>\n<p style=\"text-align: justify;\">1849- Juan Rafael Mora Porras inaugura su mandato presidencial en Costa Rica.<\/p>\n<p style=\"text-align: justify;\">1855- Regreso triunfal a Par\u00eds del Ej\u00e9rcito franc\u00e9s de la guerra de Crimea.<\/p>\n<p style=\"text-align: justify;\">1865- Nace el escritor brit\u00e1nico Rudyard Kipling, Premio Nobel en 1907.<\/p>\n<p style=\"text-align: justify;\">1879- Atentado en Madrid contra los reyes de Espa\u00f1a, Alfonso XII y Mar\u00eda Cristina de Habsburgo, en el que la reina result\u00f3 levemente herida.<\/p>\n<p style=\"text-align: justify;\">1895- Las tropas espa\u00f1olas ganan la batalla de Calamite en la guerra de Cuba.<\/p>\n<p style=\"text-align: justify;\">1895- Nace el escritor espa\u00f1ol Jos\u00e9 Bergam\u00edn.<\/p>\n<p style=\"text-align: justify;\">1896- Ejecuci\u00f3n en Manila del patriota filipino Jos\u00e9 Rizal.<\/p>\n<p style=\"text-align: justify;\">1903- Incendio del teatro \u00abIroqueis\u00bb de Chicago, en el que murieron 590 personas y 300 resultaron heridas.<\/p>\n<p style=\"text-align: justify;\">1916- Asesinato en San Petersburgo de Rasput\u00edn, urdido por la familia real rusa para acabar con su influencia sobre la zarina Alejandra.<\/p>\n<p style=\"text-align: justify;\">1922- El Congreso de los Soviet, reunido en Mosc\u00fa, aprueba la creaci\u00f3n de la Uni\u00f3n de Rep\u00fablicas Socialistas Sovi\u00e9ticas.<\/p>\n<p style=\"text-align: justify;\">1923- Inauguraci\u00f3n del primer servicio p\u00fablico a\u00e9reo en Argentina entre Buenos Aires y Montevideo.<\/p>\n<p style=\"text-align: justify;\">1930- Los extremistas del Partido Congresista proclaman en Lahore la independencia de la India.<\/p>\n<p style=\"text-align: justify;\">1940- Fallece el franc\u00e9s Romain Rolland, premio Nobel en 1915.<\/p>\n<p style=\"text-align: justify;\">1947- Abdicaci\u00f3n del rey Miguel de Ruman\u00eda, pa\u00eds que se convierte en Rep\u00fablica, dominada por los comunistas.<\/p>\n<p style=\"text-align: justify;\">1969- El Gobierno militar peruano regula la propiedad de los medios de prensa y el derecho a la libertad de expresi\u00f3n.<\/p>\n<p style=\"text-align: justify;\">1974- Venezuela restablece relaciones diplom\u00e1ticas con Cuba.<\/p>\n<p style=\"text-align: justify;\">1989- El Parlamento de Polonia aprueba el cambio de sistema pol\u00edtico y econ\u00f3mico y concluye la reforma constitucional.<\/p>\n<p style=\"text-align: justify;\">1992- El nuevo Congreso peruano sustituye al Parlamento bicameral, disuelto tras el golpe de Alberto Fujimori.<\/p>\n<p style=\"text-align: justify;\">1993- Israel y el Vaticano firman en Jerusal\u00e9n un acuerdo hist\u00f3rico de reconocimiento mutuo.<\/p>\n<p style=\"text-align: justify;\">1995- Muere el dramaturgo alem\u00e1n Heiner Muller.<\/p>\n<p style=\"text-align: justify;\">1997- La Reina Isabel II nombra Caballero del Imperio Brit\u00e1nico al cantante pop Elton John.<\/p>\n<p style=\"text-align: justify;\">2002- El presidente electo de Ecuador, Lucio Guti\u00e9rrez, designa canciller a Nina Picari, la primera mujer ind\u00edgena que ocupa un alto cargo en la historia del pa\u00eds.<\/p>\n<p style=\"text-align: justify;\">2002- Muere el cantante uruguayo de tangos Gustavo Nocetti.<\/p>\n<p style=\"text-align: justify;\">2004- Un incendio destruye una discoteca de Buenos Aires y causa 191 muertos y m\u00e1s de 700 heridos, tras el lanzamiento de una bengala y otros elementos de pirotecnia en un concierto de rock.<\/p>\n<p style=\"text-align: justify;\">2005- El Gobierno espa\u00f1ol decide revocar la condici\u00f3n de refugiado pol\u00edtico al l\u00edder opositor de Guinea Ecuatorial Severo Moto, \u00abtras demostrarse su participaci\u00f3n en diversos golpes de Estado en su pa\u00eds\u00bb.<\/p>\n<p style=\"text-align: justify;\">2006- Muere ahorcado el ex presidente de Irak Sadam Husein.<\/p>\n<p style=\"text-align: justify;\">2006- ETA rompe sin previo aviso su alto el fuego permanente del 22 de marzo de 2006 con una furgoneta-bomba, cuya carga explosiva (entre 200 y 500 kilos) mat\u00f3 a dos j\u00f3venes ecuatorianos (Carlos Alonso Palate y Diego Armando Estacio) en el aparcamiento de la Terminal 4 del aeropuerto madrile\u00f1o de Barajas, que qued\u00f3 pr\u00e1cticamente destruido.<\/p>\n<p style=\"text-align: justify;\">2008- El democristiano flamenco Herman Van Rompuy es nombrado primer ministro de B\u00e9lgica, tras el acuerdo alanzado por los cinco partidos que forman el Ejecutivo.<\/p>\n<p style=\"text-align: justify;\">2009- Mueren siete agentes de la CIA y otros seis resultan heridos en Afganist\u00e1n, en un atentado suicida perpetrado en la Base Chapman de Operaciones, en la provincia de Jost.<\/p>\n","protected":false},"excerpt":{"rendered":"<p>En otro 30 de diciembre, pero de 1853, M\u00e9xico vende a Estados Unidos 78.000 kil\u00f3metros cuadrados en el sur de Arizona y de Nuevo M\u00e9xico por diez millones de d\u00f3lares. 1691- Muere Robert Boyle, f\u00edsico y qu\u00edmico angloirland\u00e9s. 1814- Se proh\u00edbe el duelo, bajo pena de muerte, en Argentina. 1849- Juan Rafael Mora Porras inaugura&hellip;<\/p>\n","protected":false},"author":1,"featured_media":0,"comment_status":"open","ping_status":"open","sticky":false,"template":"","format":"standard","meta":{"footnotes":""},"categories":[14],"tags":[],"class_list":["post-20000","post","type-post","status-publish","format-standard","hentry","category-efemerides"],"_links":{"self":[{"href":"https:\/\/www.elsindical.com.ar\/notas\/wp-json\/wp\/v2\/posts\/20000","targetHints":{"allow":["GET"]}}],"collection":[{"href":"https:\/\/www.elsindical.com.ar\/notas\/wp-json\/wp\/v2\/posts"}],"about":[{"href":"https:\/\/www.elsindical.com.ar\/notas\/wp-json\/wp\/v2\/types\/post"}],"author":[{"embeddable":true,"href":"https:\/\/www.elsindical.com.ar\/notas\/wp-json\/wp\/v2\/users\/1"}],"replies":[{"embeddable":true,"href":"https:\/\/www.elsindical.com.ar\/notas\/wp-json\/wp\/v2\/comments?post=20000"}],"version-history":[{"count":2,"href":"https:\/\/www.elsindical.com.ar\/notas\/wp-json\/wp\/v2\/posts\/20000\/revisions"}],"predecessor-version":[{"id":20003,"href":"https:\/\/www.elsindical.com.ar\/notas\/wp-json\/wp\/v2\/posts\/20000\/revisions\/20003"}],"wp:attachment":[{"href":"https:\/\/www.elsindical.com.ar\/notas\/wp-json\/wp\/v2\/media?parent=20000"}],"wp:term":[{"taxonomy":"category","embeddable":true,"href":"https:\/\/www.elsindical.com.ar\/notas\/wp-json\/wp\/v2\/categories?post=20000"},{"taxonomy":"post_tag","embeddable":true,"href":"https:\/\/www.elsindical.com.ar\/notas\/wp-json\/wp\/v2\/tags?post=20000"}],"curies":[{"name":"wp","href":"https:\/\/api.w.org\/{rel}","templated":true}]}}