{"id":19993,"date":"2011-12-29T22:14:28","date_gmt":"2011-12-30T01:14:28","guid":{"rendered":"http:\/\/www.elsindical.com.ar\/notas\/?p=19993"},"modified":"2011-12-29T22:14:28","modified_gmt":"2011-12-30T01:14:28","slug":"lomas-de-zamoracondena-para-el-rey-del-corte","status":"publish","type":"post","link":"https:\/\/www.elsindical.com.ar\/notas\/lomas-de-zamoracondena-para-el-rey-del-corte\/","title":{"rendered":"Lomas de Zamora:Condena para el \u00abrey del corte\u00bb"},"content":{"rendered":"<p style=\"text-align: justify;\"><em><a href=\"http:\/\/www.elsindical.com.ar\/notas\/var\/www\/html\/notas\/wp-content\/uploads\/2011\/12\/Reznik-y-Elvio.jpg\"><img loading=\"lazy\" decoding=\"async\" class=\"alignleft size-medium wp-image-19994\" title=\"Reznik-y-Elvio\" src=\"http:\/\/www.elsindical.com.ar\/notas\/var\/www\/html\/notas\/wp-content\/uploads\/2011\/12\/Reznik-y-Elvio-300x225.jpg\" alt=\"\" width=\"300\" height=\"225\" srcset=\"https:\/\/www.elsindical.com.ar\/notas\/var\/www\/html\/notas\/wp-content\/uploads\/2011\/12\/Reznik-y-Elvio-300x225.jpg 300w, https:\/\/www.elsindical.com.ar\/notas\/var\/www\/html\/notas\/wp-content\/uploads\/2011\/12\/Reznik-y-Elvio.jpg 325w\" sizes=\"auto, (max-width: 300px) 100vw, 300px\" \/><\/a>Elbio Fern\u00e1ndez fue condenado a 7 a\u00f1os de prisi\u00f3n, pero a\u00fan no quedar\u00e1 detenido.<\/em><\/p>\n<p style=\"text-align: justify;\">Elbio Fern\u00e1ndez, conocido como \u00abel rey del corte\u00bb, fue condenado hoy a siete a\u00f1os y medio de c\u00e1rcel por un tribunal que lo consider\u00f3 jefe de una organizaci\u00f3n que se dedicaba a la venta de autopartes de veh\u00edculos robados en el conurbano bonaerense.<\/p>\n<p style=\"text-align: justify;\">Sin embargo, Fern\u00e1ndez no ser\u00e1 detenido\u00a0 porque a\u00fan le queda apelar al Tribunal de Casaci\u00f3n Penal bonaerense. Adem\u00e1s, ya pas\u00f3 seis a\u00f1os arrestado en su casa, per\u00edodo que se computar\u00e1 si se confirma la sentencia.<\/p>\n<p style=\"text-align: justify;\">Su esposa, Gabriela S\u00e1enz, y su padrastro, Julio Mayor, fueron condenados a tres a\u00f1os, mientras que su madre, Bertha Romero, fue absuelta.<\/p>\n<p style=\"text-align: justify;\">Tambi\u00e9n recibi\u00f3 tres a\u00f1os y dos meses de prisi\u00f3n, Alejandro Valenti, ex funcionario del \u00e1rea de Compras de la Fiscal\u00eda de Estado bonaerense, acusado de dedicarse a validar las autoparte. Tampoco ir\u00e1 preso porque la sentencia se convertir\u00e1 de cumplimiento efectivo cuando la condena quede firme.<br \/>\nEl fallo fue dictado esta tarde por los jueces del Tribunal Oral en lo Criminal (TOC) 10 de Lomas de Zamora, Jos\u00e9 Polizza, Daniel Mazzini y Susana Silvestrini, inform\u00f3 la agencia DyN. El tribunal dispuso investigar si pudo haber habido m\u00e1s c\u00f3mplices y part\u00edcipes de las maniobras.<\/p>\n<p style=\"text-align: justify;\">La Fiscal\u00eda hab\u00eda pedido, respectivamente, nueve y siete a\u00f1os de c\u00e1rcel para Elbio Fern\u00e1ndez y Alejandro Valenti, el ex funcionario del \u00e1rea de Compras de la Fiscal\u00eda de Estado bonaerense, sospechado de validar las autopartes robadas.<\/p>\n<p style=\"text-align: justify;\">Durante los seis d\u00edas que dur\u00f3 su defensa, Fern\u00e1ndez clam\u00f3 su inocencia y dijo que la polic\u00eda le hab\u00eda armado esta causa porque se hab\u00eda negado a pagar coimas.<\/p>\n<p style=\"text-align: justify;\">Fern\u00e1ndez est\u00e1 sospechado de haber manejado el negocio m\u00e1s grande de desarmaderos en la zona sur desde los a\u00f1os &#8217;90: se cree que los autos que desaparec\u00edan en esa \u00e1rea del conurbano eran \u00abcortados\u00bb en los talleres del \u00abrey del corte\u00bb.<\/p>\n<p style=\"text-align: justify;\">La causa se abri\u00f3 en 2003, tras m\u00e1s de un centenar de allanamientos a desarmaderos en todo el conurbano bonaerense, y se incluy\u00f3 un trabajo que realiz\u00f3 \u00abTelenoche Investiga\u00bb.<\/p>\n","protected":false},"excerpt":{"rendered":"<p>Elbio Fern\u00e1ndez fue condenado a 7 a\u00f1os de prisi\u00f3n, pero a\u00fan no quedar\u00e1 detenido. Elbio Fern\u00e1ndez, conocido como \u00abel rey del corte\u00bb, fue condenado hoy a siete a\u00f1os y medio de c\u00e1rcel por un tribunal que lo consider\u00f3 jefe de una organizaci\u00f3n que se dedicaba a la venta de autopartes de veh\u00edculos robados en el&hellip;<\/p>\n","protected":false},"author":1,"featured_media":0,"comment_status":"open","ping_status":"open","sticky":false,"template":"","format":"standard","meta":{"footnotes":""},"categories":[20],"tags":[9741,9740,9744,9742,9738,9743,9739,9737,9746,9745,8571,6372],"class_list":["post-19993","post","type-post","status-publish","format-standard","hentry","category-judiciales","tag-alejandro-valenti","tag-bertha-romero","tag-daniel-mazzini","tag-fiscalia-de-estado","tag-gabriela-saenz","tag-jose-polizza","tag-julio-mayor","tag-rey-de-corte","tag-ruben-reznik","tag-susana-silvestrini","tag-toc-10","tag-tribunal-de-casacion-penal-bonaerense"],"_links":{"self":[{"href":"https:\/\/www.elsindical.com.ar\/notas\/wp-json\/wp\/v2\/posts\/19993","targetHints":{"allow":["GET"]}}],"collection":[{"href":"https:\/\/www.elsindical.com.ar\/notas\/wp-json\/wp\/v2\/posts"}],"about":[{"href":"https:\/\/www.elsindical.com.ar\/notas\/wp-json\/wp\/v2\/types\/post"}],"author":[{"embeddable":true,"href":"https:\/\/www.elsindical.com.ar\/notas\/wp-json\/wp\/v2\/users\/1"}],"replies":[{"embeddable":true,"href":"https:\/\/www.elsindical.com.ar\/notas\/wp-json\/wp\/v2\/comments?post=19993"}],"version-history":[{"count":2,"href":"https:\/\/www.elsindical.com.ar\/notas\/wp-json\/wp\/v2\/posts\/19993\/revisions"}],"predecessor-version":[{"id":19996,"href":"https:\/\/www.elsindical.com.ar\/notas\/wp-json\/wp\/v2\/posts\/19993\/revisions\/19996"}],"wp:attachment":[{"href":"https:\/\/www.elsindical.com.ar\/notas\/wp-json\/wp\/v2\/media?parent=19993"}],"wp:term":[{"taxonomy":"category","embeddable":true,"href":"https:\/\/www.elsindical.com.ar\/notas\/wp-json\/wp\/v2\/categories?post=19993"},{"taxonomy":"post_tag","embeddable":true,"href":"https:\/\/www.elsindical.com.ar\/notas\/wp-json\/wp\/v2\/tags?post=19993"}],"curies":[{"name":"wp","href":"https:\/\/api.w.org\/{rel}","templated":true}]}}