{"id":19982,"date":"2011-12-29T12:15:04","date_gmt":"2011-12-29T15:15:04","guid":{"rendered":"http:\/\/www.elsindical.com.ar\/notas\/?p=19982"},"modified":"2011-12-29T12:15:04","modified_gmt":"2011-12-29T15:15:04","slug":"problemas-de-pareja-y-ansiedad-al-tope-de-las-consultas","status":"publish","type":"post","link":"https:\/\/www.elsindical.com.ar\/notas\/problemas-de-pareja-y-ansiedad-al-tope-de-las-consultas\/","title":{"rendered":"Problemas de pareja y ansiedad, al tope de las consultas"},"content":{"rendered":"<p style=\"text-align: justify;\"><em><a href=\"http:\/\/www.elsindical.com.ar\/notas\/var\/www\/html\/notas\/wp-content\/uploads\/2011\/12\/problemas-de-pareja.jpg\"><img loading=\"lazy\" decoding=\"async\" class=\"alignleft size-medium wp-image-19983\" title=\"problemas-de-pareja\" src=\"http:\/\/www.elsindical.com.ar\/notas\/var\/www\/html\/notas\/wp-content\/uploads\/2011\/12\/problemas-de-pareja-300x180.jpg\" alt=\"\" width=\"300\" height=\"180\" srcset=\"https:\/\/www.elsindical.com.ar\/notas\/var\/www\/html\/notas\/wp-content\/uploads\/2011\/12\/problemas-de-pareja-300x180.jpg 300w, https:\/\/www.elsindical.com.ar\/notas\/var\/www\/html\/notas\/wp-content\/uploads\/2011\/12\/problemas-de-pareja.jpg 325w\" sizes=\"auto, (max-width: 300px) 100vw, 300px\" \/><\/a>Son los temas que m\u00e1s afectaron a los porte\u00f1os en el a\u00f1o, seg\u00fan un relevamiento de la Fundaci\u00f3n para la Salud Mental.<\/em><\/p>\n<p style=\"text-align: justify;\">Los <strong>problemas de pareja y la ansiedad<\/strong> fueron los temas que m\u00e1s preocuparon a los porte\u00f1o durante 2011. Ambos son, por caso, los trastornos que m\u00e1s fueron consultados este a\u00f1o en la <a href=\"http:\/\/psicoconsulta.com.ar\/\">Fundaci\u00f3n para la Salud Mental de la Ciudad<\/a>, informaron desde la entidad.<\/p>\n<p style=\"text-align: justify;\">Sucede que el <strong>42% de los llamados<\/strong> a trav\u00e9s de la l\u00ednea Telesud de la Fundaci\u00f3n fueron para consultar por problemas de ansiedad y que responde, seg\u00fan la entidad de salud mental, \u201ca la cantidad de horas de trabajo, las distintas exigencias diarias, los miedos, la inseguridad, entre otros\u201d factores.<\/p>\n<p style=\"text-align: justify;\">Los problemas de pareja siguen a la ansiedad como uno de los temas m\u00e1s consultados, y alcanz\u00f3 el <strong>26%<\/strong> de los llamados. Las consultas, por caso, respondieron sobre todo a \u201crupturas amorosas, la infidelidad del conyugue (tanto varones como mujeres) y el miedo a la soledad\u201d.<\/p>\n<p style=\"text-align: justify;\">La <strong>depresi\u00f3n<\/strong>, en tanto, se ubica en el tercer lugar de las consultas m\u00e1s realizadas por los porte\u00f1is, y alcanz\u00f3 el <strong>19%<\/strong>. Seg\u00fan explicaron desde la Fundaci\u00f3n, se trata de una problem\u00e1tica que, si bien disminuy\u00f3 encomparaci\u00f3n con otros a\u00f1os, viene siendo trabajada por profesionales de la salud mental en la \u00faltima d\u00e9cada.<\/p>\n<p style=\"text-align: justify;\">Los <strong>ataques de p\u00e1nico<\/strong> fueron la cuatra problem\u00e1tica m\u00e1s consultada, con un <strong>13%<\/strong> de los llamados, y es, tambi\u00e9n, una de las patolog\u00edas \u201cm\u00e1s consultadas en los \u00faltimos 10 a\u00f1os, debido a las distintas etapas socio econ\u00f3mica del pa\u00eds\u201d.<\/p>\n<p style=\"text-align: justify;\">La l\u00ednea Telesalud de la Fundaci\u00f3n es la primera l\u00ednea telef\u00f3nica de orientaci\u00f3n psicol\u00f3gica gratuita, atendida desde 1992 exclusivamente por especialistas, y lleva recibidos y atendidos m\u00e1s de 150.000 llamados. Cada llamado, explican en la entidad, \u201cimplica una consulta impostergable y una respuesta profesional inmediata, privada, an\u00f3nima y gratuita\u201d.<\/p>\n<p style=\"text-align: justify;\">La l\u00ednea es atendida por un equipo de 42 psic\u00f3logos voluntarios. El n\u00famero para hacer la consulta es <strong>4831-2121.<\/strong><\/p>\n<p style=\"text-align: justify;\"><strong><\/strong><\/p>\n<p style=\"text-align: justify;\"><strong>Fuente:Perfil.com<\/strong><\/p>\n","protected":false},"excerpt":{"rendered":"<p>Son los temas que m\u00e1s afectaron a los porte\u00f1os en el a\u00f1o, seg\u00fan un relevamiento de la Fundaci\u00f3n para la Salud Mental. Los problemas de pareja y la ansiedad fueron los temas que m\u00e1s preocuparon a los porte\u00f1o durante 2011. Ambos son, por caso, los trastornos que m\u00e1s fueron consultados este a\u00f1o en la Fundaci\u00f3n&hellip;<\/p>\n","protected":false},"author":1,"featured_media":0,"comment_status":"open","ping_status":"open","sticky":false,"template":"","format":"standard","meta":{"footnotes":""},"categories":[23],"tags":[6838,2240,5997,9733,6586],"class_list":["post-19982","post","type-post","status-publish","format-standard","hentry","category-salud","tag-ansiedad","tag-ciudadanos","tag-consultas","tag-problemas-de-pareja","tag-salud-mental"],"_links":{"self":[{"href":"https:\/\/www.elsindical.com.ar\/notas\/wp-json\/wp\/v2\/posts\/19982","targetHints":{"allow":["GET"]}}],"collection":[{"href":"https:\/\/www.elsindical.com.ar\/notas\/wp-json\/wp\/v2\/posts"}],"about":[{"href":"https:\/\/www.elsindical.com.ar\/notas\/wp-json\/wp\/v2\/types\/post"}],"author":[{"embeddable":true,"href":"https:\/\/www.elsindical.com.ar\/notas\/wp-json\/wp\/v2\/users\/1"}],"replies":[{"embeddable":true,"href":"https:\/\/www.elsindical.com.ar\/notas\/wp-json\/wp\/v2\/comments?post=19982"}],"version-history":[{"count":2,"href":"https:\/\/www.elsindical.com.ar\/notas\/wp-json\/wp\/v2\/posts\/19982\/revisions"}],"predecessor-version":[{"id":19985,"href":"https:\/\/www.elsindical.com.ar\/notas\/wp-json\/wp\/v2\/posts\/19982\/revisions\/19985"}],"wp:attachment":[{"href":"https:\/\/www.elsindical.com.ar\/notas\/wp-json\/wp\/v2\/media?parent=19982"}],"wp:term":[{"taxonomy":"category","embeddable":true,"href":"https:\/\/www.elsindical.com.ar\/notas\/wp-json\/wp\/v2\/categories?post=19982"},{"taxonomy":"post_tag","embeddable":true,"href":"https:\/\/www.elsindical.com.ar\/notas\/wp-json\/wp\/v2\/tags?post=19982"}],"curies":[{"name":"wp","href":"https:\/\/api.w.org\/{rel}","templated":true}]}}