{"id":19978,"date":"2011-12-29T12:08:21","date_gmt":"2011-12-29T15:08:21","guid":{"rendered":"http:\/\/www.elsindical.com.ar\/notas\/?p=19978"},"modified":"2011-12-29T12:08:21","modified_gmt":"2011-12-29T15:08:21","slug":"microcentroenmascarados-robaron-un-banco-y-se-llevaron-sacas-sin-dinero","status":"publish","type":"post","link":"https:\/\/www.elsindical.com.ar\/notas\/microcentroenmascarados-robaron-un-banco-y-se-llevaron-sacas-sin-dinero\/","title":{"rendered":"Microcentro:Enmascarados, robaron un banco y se llevaron sacas sin dinero"},"content":{"rendered":"<p style=\"text-align: justify;\"><em><a href=\"http:\/\/www.elsindical.com.ar\/notas\/var\/www\/html\/notas\/wp-content\/uploads\/2011\/12\/robo-banco-Credicoop-microcentro.jpg\"><img loading=\"lazy\" decoding=\"async\" class=\"alignleft size-medium wp-image-19979\" title=\"robo-banco-Credicoop-microcentro\" src=\"http:\/\/www.elsindical.com.ar\/notas\/var\/www\/html\/notas\/wp-content\/uploads\/2011\/12\/robo-banco-Credicoop-microcentro-300x225.jpg\" alt=\"\" width=\"300\" height=\"225\" srcset=\"https:\/\/www.elsindical.com.ar\/notas\/var\/www\/html\/notas\/wp-content\/uploads\/2011\/12\/robo-banco-Credicoop-microcentro-300x225.jpg 300w, https:\/\/www.elsindical.com.ar\/notas\/var\/www\/html\/notas\/wp-content\/uploads\/2011\/12\/robo-banco-Credicoop-microcentro.jpg 413w\" sizes=\"auto, (max-width: 300px) 100vw, 300px\" \/><\/a>En un impresionante asalto comando a plena luz del d\u00eda, siete delincuentes ingresaron a una sucursal del banco Credicoop detr\u00e1s de un blindado. Se llevaron dos sacas llenas de correspondencia.<\/em><\/p>\n<div style=\"text-align: justify;\">\n<p>Siete delincuentes armados asaltaron esta ma\u00f1ana una sucursal del banco Credicoop en pleno microcentro porte\u00f1o, informaron fuentes policiales. Aprovecharon el ingreso de un cami\u00f3n de caudales para entrar a la sucursal. Sin embargo, el golpe result\u00f3 fallido, ya que en las sacas que se llevaron los delincuentes hab\u00eda \u201ccorrespondencia sin valor comercial alguno\u201d, inform\u00f3 esta ma\u00f1ana la entidad.<\/p>\n<p>El hecho ocurri\u00f3 en Reconquista al 400,<strong> a<\/strong><strong> plena luz del d\u00eda, <\/strong><strong>cuando <\/strong>un grupo de asaltantes \u2013que se movilizaba a bordo de un Volskwagen Bora negro- lograron ingresar al banco detr\u00e1s de un blindado.<\/p>\n<p>Los delincuentes, que <strong>usaban caretas<\/strong>, actuaron con gran rapidez. Sin hacer un solo disparo, los ladrones se apoderaron de dos sacas y escaparon.<\/p>\n<p>En un comunicado de prensa, el Banco Credicoop consign\u00f3 que \u00abminutos antes de las 8.00 horas del d\u00eda de doy, desconocidos se introdujeron en el subsuelo del edificio de la calle Reconquista 482\u00bb.<\/p>\n<p>\u00abEn el interior del mismo se apropiaron de dos bolsas cerradas que conten\u00edan correspondencia sin valor comercial alguno. De inmediato, sin tener que lamentar otros hechos, los malvivientes se dieron a la fuga, siendo actualmente buscados por la polic\u00eda\u00bb, concluy\u00f3 el parte.<\/p>\n<\/div>\n<p style=\"text-align: justify;\">\n<p style=\"text-align: justify;\">(Agencias)<\/p>\n","protected":false},"excerpt":{"rendered":"<p>En un impresionante asalto comando a plena luz del d\u00eda, siete delincuentes ingresaron a una sucursal del banco Credicoop detr\u00e1s de un blindado. Se llevaron dos sacas llenas de correspondencia. Siete delincuentes armados asaltaron esta ma\u00f1ana una sucursal del banco Credicoop en pleno microcentro porte\u00f1o, informaron fuentes policiales. Aprovecharon el ingreso de un cami\u00f3n de&hellip;<\/p>\n","protected":false},"author":1,"featured_media":0,"comment_status":"open","ping_status":"open","sticky":false,"template":"","format":"standard","meta":{"footnotes":""},"categories":[22],"tags":[3911,581,30,2863,116],"class_list":["post-19978","post","type-post","status-publish","format-standard","hentry","category-policiales","tag-banco-credicoop","tag-delincuentes","tag-policia","tag-prosegur","tag-robo"],"_links":{"self":[{"href":"https:\/\/www.elsindical.com.ar\/notas\/wp-json\/wp\/v2\/posts\/19978","targetHints":{"allow":["GET"]}}],"collection":[{"href":"https:\/\/www.elsindical.com.ar\/notas\/wp-json\/wp\/v2\/posts"}],"about":[{"href":"https:\/\/www.elsindical.com.ar\/notas\/wp-json\/wp\/v2\/types\/post"}],"author":[{"embeddable":true,"href":"https:\/\/www.elsindical.com.ar\/notas\/wp-json\/wp\/v2\/users\/1"}],"replies":[{"embeddable":true,"href":"https:\/\/www.elsindical.com.ar\/notas\/wp-json\/wp\/v2\/comments?post=19978"}],"version-history":[{"count":2,"href":"https:\/\/www.elsindical.com.ar\/notas\/wp-json\/wp\/v2\/posts\/19978\/revisions"}],"predecessor-version":[{"id":19981,"href":"https:\/\/www.elsindical.com.ar\/notas\/wp-json\/wp\/v2\/posts\/19978\/revisions\/19981"}],"wp:attachment":[{"href":"https:\/\/www.elsindical.com.ar\/notas\/wp-json\/wp\/v2\/media?parent=19978"}],"wp:term":[{"taxonomy":"category","embeddable":true,"href":"https:\/\/www.elsindical.com.ar\/notas\/wp-json\/wp\/v2\/categories?post=19978"},{"taxonomy":"post_tag","embeddable":true,"href":"https:\/\/www.elsindical.com.ar\/notas\/wp-json\/wp\/v2\/tags?post=19978"}],"curies":[{"name":"wp","href":"https:\/\/api.w.org\/{rel}","templated":true}]}}