{"id":19938,"date":"2011-12-28T15:19:57","date_gmt":"2011-12-28T18:19:57","guid":{"rendered":"http:\/\/www.elsindical.com.ar\/notas\/?p=19938"},"modified":"2011-12-28T15:19:57","modified_gmt":"2011-12-28T18:19:57","slug":"avellanedaparo-en-el-hospital-municipal-de-wilde","status":"publish","type":"post","link":"https:\/\/www.elsindical.com.ar\/notas\/avellanedaparo-en-el-hospital-municipal-de-wilde\/","title":{"rendered":"Avellaneda:Paro en el Hospital municipal de Wilde"},"content":{"rendered":"<p style=\"text-align: justify;\"><em><a href=\"http:\/\/www.elsindical.com.ar\/notas\/var\/www\/html\/notas\/wp-content\/uploads\/2011\/12\/paro-en-Hospital-de-Wilde.jpg\"><img loading=\"lazy\" decoding=\"async\" class=\"alignleft size-medium wp-image-19939\" title=\"paro-en-Hospital-de-Wilde\" src=\"http:\/\/www.elsindical.com.ar\/notas\/var\/www\/html\/notas\/wp-content\/uploads\/2011\/12\/paro-en-Hospital-de-Wilde-300x240.jpg\" alt=\"\" width=\"300\" height=\"240\" srcset=\"https:\/\/www.elsindical.com.ar\/notas\/var\/www\/html\/notas\/wp-content\/uploads\/2011\/12\/paro-en-Hospital-de-Wilde-300x240.jpg 300w, https:\/\/www.elsindical.com.ar\/notas\/var\/www\/html\/notas\/wp-content\/uploads\/2011\/12\/paro-en-Hospital-de-Wilde.jpg 413w\" sizes=\"auto, (max-width: 300px) 100vw, 300px\" \/><\/a>La\u00a0protesta est\u00e1\u00a0dirigida directamente al intendente Jorge Ferraresi, para que procure encarar v\u00edas de soluci\u00f3n al reclamo por una recomposici\u00f3n salarial que mantienen los empleados comunales del nosocomio. \u201cHace meses que el intendente no baja ni siquiera una propuesta para nosotros que nos mantenemos con un b\u00e1sico de 1280 pesos.\u201d<\/em><\/p>\n<p style=\"text-align: justify;\">Para el d\u00eda de hoy se anunci\u00f3 que los empleados del Hospital de Wilde permanecer\u00e1n en estado de asamblea que se extender\u00e1n a todas sus \u00e1reas, por lo que paralizar\u00e1n la atenci\u00f3n durante toda la jornada \u2013salvo emergencias- anunci\u00f3 la delegada Virginia Villanueva, quien adem\u00e1s se\u00f1al\u00f3 que el centro de salud \u201cesta sufriendo un vaciamiento de recursos humanos debido a los deplorables sueldos\u201d.<\/p>\n<p style=\"text-align: justify;\">\u201cA los profesionales, como las enfermeras ingresantes, no les conviene trabajar por un b\u00e1sico de 1280 pesos \u2013que es lo que ganamos los empleados municipales-, ya que en un lugar privado, el rubro sanidad parte\u00a0de los 3500 pesos por la minima cantidad de horas. Es por eso que cuando se abre concurso de profesionales terminan cerr\u00e1ndolos porque se declaran desiertos. Nadie quiere cubrir un cargo ac\u00e1 porque no conviene.\u201d Si bien el Centro de Salud de la localidad de Wilde \u2013ubicado en Bartolom\u00e9 Mitre al 5800- no es un centro de salud de alta complejidad, es un hospital intermedio, que presta un servicio indispensable para mucha gente no s\u00f3lo de Avellaneda, sino tambi\u00e9n de Quilmes y Florencio Varela, por lo que se busca presionar de alguna forma al intendente Jorge Ferraresi y exigirle que aporte alguna soluci\u00f3n a este tema que puede expandirse a d\u00edas de fin de a\u00f1o. Adem\u00e1s, es este conflicto que mantiene en vilo a casi la totalidad de los empleados del centro -300 entre doctores y no profesionales- ocupados en distintas \u00e1reas como administradores, choferes de las unidades de traslado, personal de mantenimiento, lavadero, esterilizaci\u00f3n y mayordom\u00eda. \u201cLa idea de llevar adelante esta asamblea es ver qu\u00e9 es lo que se puede hacer si esta situaci\u00f3n sigue sin resolverse, ya que inevitablemente esto debe derivar en un paro. Pero existe dificultado por la altura del a\u00f1o en que estamos, por lo que los compa\u00f1eros propusieron llevar adelante medidas contundentes para febrero\u201d, dijo Villanueva. \u201cBuscamos hacer visible el conflicto, ya que somos poco menos del 10 por ciento de la planta municipal. Muchas veces quisimos acercarnos al intendente Ferraresi y no nos hace caso. El mes pasado le enviaron una carta explic\u00e1ndole cu\u00e1l es nuestra situaci\u00f3n, pero hasta el d\u00eda de hoy no hay nada. Parece ser que no hay intenciones de mejorar las condiciones laborales ni el funcionamiento del hospital.\u201d De la misma forma, la delegada de los municipales de Wilde se\u00f1al\u00f3 a este medio que, adem\u00e1s de la situaci\u00f3n salarial, lo que se busca es \u201cque se dispongan reformas y un reacondicionamiento edilicio acorde a la cantidad de gente que viene a atenderse\u201d, y que \u201cesta realidad\u201d tambi\u00e9n se refleja en otros centros: \u201cLa Unidad Sanitaria de Pi\u00f1eyro es un desastre porque se le cayeron los techos, y el resto esta en condiciones paup\u00e9rrimas.\u201d &#8211; Se aprob\u00f3 un aumento del presupuesto para el 2012 de 660 millones de pesos y dicen que ac\u00e1 se prev\u00e9 un aumento para los trabajadores municipales. &#8211; Ya no les creemos, siempre es igual. Cuando aumentan las tasas en un 25 por ciento, a nosotros nos tocan el salario por un 10 por ciento.<\/p>\n","protected":false},"excerpt":{"rendered":"<p>La\u00a0protesta est\u00e1\u00a0dirigida directamente al intendente Jorge Ferraresi, para que procure encarar v\u00edas de soluci\u00f3n al reclamo por una recomposici\u00f3n salarial que mantienen los empleados comunales del nosocomio. \u201cHace meses que el intendente no baja ni siquiera una propuesta para nosotros que nos mantenemos con un b\u00e1sico de 1280 pesos.\u201d Para el d\u00eda de hoy se&hellip;<\/p>\n","protected":false},"author":1,"featured_media":0,"comment_status":"open","ping_status":"open","sticky":false,"template":"","format":"standard","meta":{"footnotes":""},"categories":[16],"tags":[9709,9708,6275,670,67,512,803],"class_list":["post-19938","post","type-post","status-publish","format-standard","hentry","category-gremiales","tag-delegada-virginia-villanueva","tag-hospital-de-wilde","tag-intendente-jorge-ferraresi","tag-medidas","tag-paro","tag-reclamo","tag-salarios"],"_links":{"self":[{"href":"https:\/\/www.elsindical.com.ar\/notas\/wp-json\/wp\/v2\/posts\/19938","targetHints":{"allow":["GET"]}}],"collection":[{"href":"https:\/\/www.elsindical.com.ar\/notas\/wp-json\/wp\/v2\/posts"}],"about":[{"href":"https:\/\/www.elsindical.com.ar\/notas\/wp-json\/wp\/v2\/types\/post"}],"author":[{"embeddable":true,"href":"https:\/\/www.elsindical.com.ar\/notas\/wp-json\/wp\/v2\/users\/1"}],"replies":[{"embeddable":true,"href":"https:\/\/www.elsindical.com.ar\/notas\/wp-json\/wp\/v2\/comments?post=19938"}],"version-history":[{"count":2,"href":"https:\/\/www.elsindical.com.ar\/notas\/wp-json\/wp\/v2\/posts\/19938\/revisions"}],"predecessor-version":[{"id":19941,"href":"https:\/\/www.elsindical.com.ar\/notas\/wp-json\/wp\/v2\/posts\/19938\/revisions\/19941"}],"wp:attachment":[{"href":"https:\/\/www.elsindical.com.ar\/notas\/wp-json\/wp\/v2\/media?parent=19938"}],"wp:term":[{"taxonomy":"category","embeddable":true,"href":"https:\/\/www.elsindical.com.ar\/notas\/wp-json\/wp\/v2\/categories?post=19938"},{"taxonomy":"post_tag","embeddable":true,"href":"https:\/\/www.elsindical.com.ar\/notas\/wp-json\/wp\/v2\/tags?post=19938"}],"curies":[{"name":"wp","href":"https:\/\/api.w.org\/{rel}","templated":true}]}}