{"id":1983,"date":"2009-11-27T17:15:21","date_gmt":"2009-11-27T20:15:21","guid":{"rendered":"http:\/\/www.elsindical.com.ar\/notas\/?p=1983"},"modified":"2009-11-29T13:54:15","modified_gmt":"2009-11-29T16:54:15","slug":"eeuu-tiger-woods-grave-tras-un-accidente-de-transito","status":"publish","type":"post","link":"https:\/\/www.elsindical.com.ar\/notas\/eeuu-tiger-woods-grave-tras-un-accidente-de-transito\/","title":{"rendered":"EEUU: Tiger Woods grave, tras un accidente de tr\u00e1nsito"},"content":{"rendered":"<p style=\"text-align: justify;\"><em><img loading=\"lazy\" decoding=\"async\" class=\"alignleft size-full wp-image-1984\" title=\"Tiger-Woods\" src=\"http:\/\/www.elsindical.com.ar\/notas\/var\/www\/html\/notas\/wp-content\/uploads\/2009\/11\/Tiger-Woods.jpg\" alt=\"Tiger-Woods\" width=\"198\" height=\"198\" srcset=\"https:\/\/www.elsindical.com.ar\/notas\/var\/www\/html\/notas\/wp-content\/uploads\/2009\/11\/Tiger-Woods.jpg 198w, https:\/\/www.elsindical.com.ar\/notas\/var\/www\/html\/notas\/wp-content\/uploads\/2009\/11\/Tiger-Woods-150x150.jpg 150w\" sizes=\"auto, (max-width: 198px) 100vw, 198px\" \/>El golfista estadounidense <strong>fue hospitalizado en delicado estado\u00a0<\/strong>luego de protagonizar un accidente mientras viajaba en su veh\u00edculo particular en el estado de Florida.<\/em><\/p>\n<p style=\"text-align: justify;\">El astro del golf Tiger Woods result\u00f3 gravemente herido hoy en un accidente de coche en el centro de Florida, inform\u00f3 la cadena Fox News Florida.<\/p>\n<p>Fuentes de la polic\u00eda dijeron al canal que el coche de Woods golpe\u00f3 una toma de agua y luego un \u00e1rbol. El accidente ocurri\u00f3 a las 02:00 de la ma\u00f1ana hora local fuera de su residencia en Isleworth, Florida. Woods, de 33 a\u00f1os, est\u00e1 ingresado en el Health Central Hospital en Ocoee.\u00a0<\/p>\n<p>Se inform\u00f3, adem\u00e1s, que el deportista viajaba a una velocidad de\u00a033 millas por hora\u00a0en su Cadillac Escalade y que, al momento del impacto, los airbag no se activaron.<\/p>\n","protected":false},"excerpt":{"rendered":"<p>El golfista estadounidense fue hospitalizado en delicado estado\u00a0luego de protagonizar un accidente mientras viajaba en su veh\u00edculo particular en el estado de Florida. El astro del golf Tiger Woods result\u00f3 gravemente herido hoy en un accidente de coche en el centro de Florida, inform\u00f3 la cadena Fox News Florida. Fuentes de la polic\u00eda dijeron al&hellip;<\/p>\n","protected":false},"author":1,"featured_media":0,"comment_status":"open","ping_status":"open","sticky":false,"template":"","format":"standard","meta":{"footnotes":""},"categories":[7],"tags":[990,1060,617,1059,1058],"class_list":["post-1983","post","type-post","status-publish","format-standard","hentry","category-deportes","tag-accidente","tag-cadillac","tag-florida","tag-golf","tag-tiger-woods"],"_links":{"self":[{"href":"https:\/\/www.elsindical.com.ar\/notas\/wp-json\/wp\/v2\/posts\/1983","targetHints":{"allow":["GET"]}}],"collection":[{"href":"https:\/\/www.elsindical.com.ar\/notas\/wp-json\/wp\/v2\/posts"}],"about":[{"href":"https:\/\/www.elsindical.com.ar\/notas\/wp-json\/wp\/v2\/types\/post"}],"author":[{"embeddable":true,"href":"https:\/\/www.elsindical.com.ar\/notas\/wp-json\/wp\/v2\/users\/1"}],"replies":[{"embeddable":true,"href":"https:\/\/www.elsindical.com.ar\/notas\/wp-json\/wp\/v2\/comments?post=1983"}],"version-history":[{"count":3,"href":"https:\/\/www.elsindical.com.ar\/notas\/wp-json\/wp\/v2\/posts\/1983\/revisions"}],"predecessor-version":[{"id":1986,"href":"https:\/\/www.elsindical.com.ar\/notas\/wp-json\/wp\/v2\/posts\/1983\/revisions\/1986"}],"wp:attachment":[{"href":"https:\/\/www.elsindical.com.ar\/notas\/wp-json\/wp\/v2\/media?parent=1983"}],"wp:term":[{"taxonomy":"category","embeddable":true,"href":"https:\/\/www.elsindical.com.ar\/notas\/wp-json\/wp\/v2\/categories?post=1983"},{"taxonomy":"post_tag","embeddable":true,"href":"https:\/\/www.elsindical.com.ar\/notas\/wp-json\/wp\/v2\/tags?post=1983"}],"curies":[{"name":"wp","href":"https:\/\/api.w.org\/{rel}","templated":true}]}}