{"id":19705,"date":"2011-12-21T09:30:58","date_gmt":"2011-12-21T12:30:58","guid":{"rendered":"http:\/\/www.elsindical.com.ar\/notas\/?p=19705"},"modified":"2011-12-21T09:30:58","modified_gmt":"2011-12-21T12:30:58","slug":"protesta-de-empleados-de-la-linea-c-de-subterraneos","status":"publish","type":"post","link":"https:\/\/www.elsindical.com.ar\/notas\/protesta-de-empleados-de-la-linea-c-de-subterraneos\/","title":{"rendered":"Protesta de empleados de la l\u00ednea C de subterr\u00e1neos"},"content":{"rendered":"<p style=\"text-align: justify;\"><em><a href=\"http:\/\/www.elsindical.com.ar\/notas\/var\/www\/html\/notas\/wp-content\/uploads\/2011\/12\/carga-SUBE-subte.jpg\"><img loading=\"lazy\" decoding=\"async\" class=\"alignleft size-medium wp-image-19264\" title=\"carga-SUBE-subte\" src=\"http:\/\/www.elsindical.com.ar\/notas\/var\/www\/html\/notas\/wp-content\/uploads\/2011\/12\/carga-SUBE-subte-300x225.jpg\" alt=\"\" width=\"300\" height=\"225\" srcset=\"https:\/\/www.elsindical.com.ar\/notas\/var\/www\/html\/notas\/wp-content\/uploads\/2011\/12\/carga-SUBE-subte-300x225.jpg 300w, https:\/\/www.elsindical.com.ar\/notas\/var\/www\/html\/notas\/wp-content\/uploads\/2011\/12\/carga-SUBE-subte.jpg 408w\" sizes=\"auto, (max-width: 300px) 100vw, 300px\" \/><\/a>Sindicalistas del subte liberan desde las 08:00 hs.\u00a0de la ma\u00f1ana los molinetes en la estaci\u00f3n Retiro. <strong>Reclaman el cambio de ubicacion de las m\u00e1quinas para recargar la tarjeta magn\u00e9tica. <\/strong>Alegan que les provoca \u00abtendinitis\u00bb.<strong> Se podr\u00edan sumar otras l\u00edneas a la protesta.<\/strong><\/em><\/p>\n<p style=\"text-align: justify;\">Las boleter\u00edas de la <strong>l\u00ednea C<\/strong> de la estaci\u00f3n <strong>Retiro<\/strong> de subte fueron liberadas esta ma\u00f1ana por una medida de fuerza gremial, ante la<strong> negativa de cargar las tarjetas magn\u00e9ticas del sistema SUBE.\u00a0 <\/strong><\/p>\n<p style=\"text-align: justify;\">All\u00ed, representantes dela Asociaci\u00f3n Gremial de Trabajadores de Subte y Premetro entregan volantes a los pasajeros para interiorizarlos acerca del reclamo que lleva adelante el sindicato, que tuvo sus puntos \u00e1lgidos en medio de la controversia por la <strong>tendinitis denunciada por personal de boleter\u00eda<\/strong> a ra\u00edz de la recarga de tarjetas magn\u00e9ticas.<\/p>\n<p style=\"text-align: justify;\">De acuerdo al sindicato, se solicita \u00abla incorporaci\u00f3n de mayor cantidad de personal, la implementaci\u00f3n de impresoras de tickets y el cambio de ubicaci\u00f3n de los Posnet en el sector de boleter\u00edas, que hab\u00edan sido acordados con la empresa Metrov\u00edas S.A. ante el Ministerio de Trabajo en el mes de septiembre del corriente a\u00f1o y que a\u00fan no han sido llevadas a cabo\u00bb.<\/p>\n","protected":false},"excerpt":{"rendered":"<p>Sindicalistas del subte liberan desde las 08:00 hs.\u00a0de la ma\u00f1ana los molinetes en la estaci\u00f3n Retiro. Reclaman el cambio de ubicacion de las m\u00e1quinas para recargar la tarjeta magn\u00e9tica. Alegan que les provoca \u00abtendinitis\u00bb. Se podr\u00edan sumar otras l\u00edneas a la protesta. Las boleter\u00edas de la l\u00ednea C de la estaci\u00f3n Retiro de subte fueron&hellip;<\/p>\n","protected":false},"author":1,"featured_media":0,"comment_status":"open","ping_status":"open","sticky":false,"template":"","format":"standard","meta":{"footnotes":""},"categories":[16],"tags":[2052,292,348,9604,8188],"class_list":["post-19705","post","type-post","status-publish","format-standard","hentry","category-gremiales","tag-linea-c","tag-protesta","tag-subterraneos","tag-tarjeta-sube","tag-tendinitis"],"_links":{"self":[{"href":"https:\/\/www.elsindical.com.ar\/notas\/wp-json\/wp\/v2\/posts\/19705","targetHints":{"allow":["GET"]}}],"collection":[{"href":"https:\/\/www.elsindical.com.ar\/notas\/wp-json\/wp\/v2\/posts"}],"about":[{"href":"https:\/\/www.elsindical.com.ar\/notas\/wp-json\/wp\/v2\/types\/post"}],"author":[{"embeddable":true,"href":"https:\/\/www.elsindical.com.ar\/notas\/wp-json\/wp\/v2\/users\/1"}],"replies":[{"embeddable":true,"href":"https:\/\/www.elsindical.com.ar\/notas\/wp-json\/wp\/v2\/comments?post=19705"}],"version-history":[{"count":2,"href":"https:\/\/www.elsindical.com.ar\/notas\/wp-json\/wp\/v2\/posts\/19705\/revisions"}],"predecessor-version":[{"id":19707,"href":"https:\/\/www.elsindical.com.ar\/notas\/wp-json\/wp\/v2\/posts\/19705\/revisions\/19707"}],"wp:attachment":[{"href":"https:\/\/www.elsindical.com.ar\/notas\/wp-json\/wp\/v2\/media?parent=19705"}],"wp:term":[{"taxonomy":"category","embeddable":true,"href":"https:\/\/www.elsindical.com.ar\/notas\/wp-json\/wp\/v2\/categories?post=19705"},{"taxonomy":"post_tag","embeddable":true,"href":"https:\/\/www.elsindical.com.ar\/notas\/wp-json\/wp\/v2\/tags?post=19705"}],"curies":[{"name":"wp","href":"https:\/\/api.w.org\/{rel}","templated":true}]}}