{"id":19700,"date":"2011-12-21T01:24:51","date_gmt":"2011-12-21T04:24:51","guid":{"rendered":"http:\/\/www.elsindical.com.ar\/notas\/?p=19700"},"modified":"2011-12-21T01:24:51","modified_gmt":"2011-12-21T04:24:51","slug":"procesan-al-jefe-de-la-armada-por-espiar-a-dirigentes-y-organizaciones","status":"publish","type":"post","link":"https:\/\/www.elsindical.com.ar\/notas\/procesan-al-jefe-de-la-armada-por-espiar-a-dirigentes-y-organizaciones\/","title":{"rendered":"Procesan al jefe de la Armada por espiar a dirigentes y organizaciones"},"content":{"rendered":"<p style=\"text-align: justify;\"><em><a href=\"http:\/\/www.elsindical.com.ar\/notas\/var\/www\/html\/notas\/wp-content\/uploads\/2011\/12\/Almirante-Jorge-Godoy.jpg\"><img loading=\"lazy\" decoding=\"async\" class=\"alignleft size-medium wp-image-19701\" title=\"Almirante-Jorge-Godoy\" src=\"http:\/\/www.elsindical.com.ar\/notas\/var\/www\/html\/notas\/wp-content\/uploads\/2011\/12\/Almirante-Jorge-Godoy-300x225.jpg\" alt=\"\" width=\"300\" height=\"225\" srcset=\"https:\/\/www.elsindical.com.ar\/notas\/var\/www\/html\/notas\/wp-content\/uploads\/2011\/12\/Almirante-Jorge-Godoy-300x225.jpg 300w, https:\/\/www.elsindical.com.ar\/notas\/var\/www\/html\/notas\/wp-content\/uploads\/2011\/12\/Almirante-Jorge-Godoy.jpg 413w\" sizes=\"auto, (max-width: 300px) 100vw, 300px\" \/><\/a>El Juez federal <strong>Daniel Rafecas<\/strong> dispuso el procesamiento del Almirante <strong>Jorge Godoy<\/strong> por el presunto seguimiento que se realiz\u00f3 desde dicha fuerza a militantes y agrupaciones entre 2003 y 2006. Orden\u00f3 adem\u00e1s que se <strong>investigue la desaparici\u00f3n de \u00abpartes de informaci\u00f3n\u00bb<\/strong>.<\/em><\/p>\n<p style=\"text-align: justify;\">Godoy y quien era el subjefe de la Armada en aquel entonces, Benito R\u00f3tolo, se encuentran <strong>procesados en la investigaci\u00f3n por el delito de incumplimiento de los deberes de funcionario p\u00fablico<\/strong> en la causa que investiga el \u00abespionaje interno\u00bb realizado a \u00ab<strong>dirigentes sociales y pol\u00edticos y que apuntaban tambi\u00e9n al seguimiento de actividades de organismos de derechos humanos<\/strong>\u00ab, detalla el <em>Centro de Informaci\u00f3n Judicial<\/em>.<\/p>\n<p style=\"text-align: justify;\">Rafecas orden\u00f3 adem\u00e1s que <strong>se sortee un juez federal para que inicie una investigaci\u00f3n penal por la desaparici\u00f3n de \u00abpartes de informaci\u00f3n\u00bb<\/strong> y pruebas documentales que estaban alojadas en la dependencias de la Marina y no pudieron ser encontradas durante los allanamientos.<\/p>\n<p style=\"text-align: justify;\">\u00ab<strong>El magistrado federal tuvo por corroborado que el Almirante Godoy y el Vicealmirante R\u00f3tolo controlaban el aparato de inteligencia de la Armada Argentina<\/strong> y ten\u00edan conocimiento de que desde all\u00ed se llevaban a cabo, en forma sistem\u00e1tica y permanente, incluso desde antes de asumir ambos el comando de la fuerza, pr\u00e1cticas de &#8216;inteligencia interna&#8217; prohibidas por las leyes de Seguridad Interior, de Inteligencia Nacional y de Defensa Nacional, pr\u00e1cticas ilegales que, en los hechos, omitieron desactivar\u00bb, consigna el parte de informaci\u00f3n.<\/p>\n<p style=\"text-align: justify;\">La causa, a cargo del Juzgado Federal 3, <strong>comenz\u00f3 a partir de una denuncia del Centro de Estudios Legales y Sociales (CELS) ante el Juzgado Federal de Rawson<\/strong> por las actividades de inteligencia que la base Almirante Zar de esa fuerza realizaba para seguir a los actos de conmemoraci\u00f3n de la \u00abMasacre de Trelew\u00bb y el 24 de marzo de 1976.<\/p>\n<p style=\"text-align: justify;\">Por aquellos hechos fueron procesados los responsables de aquella base y sus superiores jer\u00e1rquicos. Luego el CELS ampli\u00f3 la denuncia, por lo que <strong>Rafecas comenz\u00f3 la investigaci\u00f3n contra las m\u00e1ximas autoridades de la Armada Argentina en dichos sucesos<\/strong>.<\/p>\n<p style=\"text-align: justify;\">\n","protected":false},"excerpt":{"rendered":"<p>El Juez federal Daniel Rafecas dispuso el procesamiento del Almirante Jorge Godoy por el presunto seguimiento que se realiz\u00f3 desde dicha fuerza a militantes y agrupaciones entre 2003 y 2006. Orden\u00f3 adem\u00e1s que se investigue la desaparici\u00f3n de \u00abpartes de informaci\u00f3n\u00bb. Godoy y quien era el subjefe de la Armada en aquel entonces, Benito R\u00f3tolo,&hellip;<\/p>\n","protected":false},"author":1,"featured_media":0,"comment_status":"open","ping_status":"open","sticky":false,"template":"","format":"standard","meta":{"footnotes":""},"categories":[20],"tags":[9603,9602,4877,133,175,4341,470,8627,3058,1230],"class_list":["post-19700","post","type-post","status-publish","format-standard","hentry","category-judiciales","tag-almirante-benito-rotolo","tag-almirante-jorge-godoy","tag-armada-argentina","tag-causa","tag-denuncia","tag-dirigentes","tag-espionaje","tag-juez-federal-daniel-rafecas","tag-procesados","tag-sindicalistas"],"_links":{"self":[{"href":"https:\/\/www.elsindical.com.ar\/notas\/wp-json\/wp\/v2\/posts\/19700","targetHints":{"allow":["GET"]}}],"collection":[{"href":"https:\/\/www.elsindical.com.ar\/notas\/wp-json\/wp\/v2\/posts"}],"about":[{"href":"https:\/\/www.elsindical.com.ar\/notas\/wp-json\/wp\/v2\/types\/post"}],"author":[{"embeddable":true,"href":"https:\/\/www.elsindical.com.ar\/notas\/wp-json\/wp\/v2\/users\/1"}],"replies":[{"embeddable":true,"href":"https:\/\/www.elsindical.com.ar\/notas\/wp-json\/wp\/v2\/comments?post=19700"}],"version-history":[{"count":2,"href":"https:\/\/www.elsindical.com.ar\/notas\/wp-json\/wp\/v2\/posts\/19700\/revisions"}],"predecessor-version":[{"id":19703,"href":"https:\/\/www.elsindical.com.ar\/notas\/wp-json\/wp\/v2\/posts\/19700\/revisions\/19703"}],"wp:attachment":[{"href":"https:\/\/www.elsindical.com.ar\/notas\/wp-json\/wp\/v2\/media?parent=19700"}],"wp:term":[{"taxonomy":"category","embeddable":true,"href":"https:\/\/www.elsindical.com.ar\/notas\/wp-json\/wp\/v2\/categories?post=19700"},{"taxonomy":"post_tag","embeddable":true,"href":"https:\/\/www.elsindical.com.ar\/notas\/wp-json\/wp\/v2\/tags?post=19700"}],"curies":[{"name":"wp","href":"https:\/\/api.w.org\/{rel}","templated":true}]}}