{"id":19694,"date":"2011-12-20T20:10:14","date_gmt":"2011-12-20T23:10:14","guid":{"rendered":"http:\/\/www.elsindical.com.ar\/notas\/?p=19694"},"modified":"2011-12-20T20:10:14","modified_gmt":"2011-12-20T23:10:14","slug":"avellanedapolicia-federal-balea-y-detiene-a-motochorro-en-gerli","status":"publish","type":"post","link":"https:\/\/www.elsindical.com.ar\/notas\/avellanedapolicia-federal-balea-y-detiene-a-motochorro-en-gerli\/","title":{"rendered":"Avellaneda:Polic\u00eda federal, balea y detiene a motochorro en Gerli"},"content":{"rendered":"<div id=\"bajada\" style=\"text-align: justify;\">\n<p><em><a href=\"http:\/\/www.elsindical.com.ar\/notas\/var\/www\/html\/notas\/wp-content\/uploads\/2011\/08\/disparo-rev\u00f3lver.jpg\"><img loading=\"lazy\" decoding=\"async\" class=\"alignleft size-medium wp-image-16192\" title=\"disparo-rev\u00f3lver\" src=\"http:\/\/www.elsindical.com.ar\/notas\/var\/www\/html\/notas\/wp-content\/uploads\/2011\/08\/disparo-rev\u00f3lver-300x248.jpg\" alt=\"\" width=\"300\" height=\"248\" srcset=\"https:\/\/www.elsindical.com.ar\/notas\/var\/www\/html\/notas\/wp-content\/uploads\/2011\/08\/disparo-rev\u00f3lver-300x248.jpg 300w, https:\/\/www.elsindical.com.ar\/notas\/var\/www\/html\/notas\/wp-content\/uploads\/2011\/08\/disparo-rev\u00f3lver.jpg 413w\" sizes=\"auto, (max-width: 300px) 100vw, 300px\" \/><\/a>Sucedi\u00f3 en Gerli cuando el polic\u00eda, que estaba de franco, observ\u00f3 c\u00f3mo un ladr\u00f3n intentaba robar a un automovilista. El agente dio la voz de alto y el malviviente respondi\u00f3 con disparos, por lo que el uniformado repeli\u00f3 el ataque e hiri\u00f3 al \u00abcaco\u00bb en el abdomen. Seg\u00fan trascendi\u00f3, hab\u00eda salido de la c\u00e1rcel hac\u00eda 3 meses.<\/em><\/p>\n<\/div>\n<div id=\"texto\" style=\"text-align: justify;\">\n<p>Un \u201cmotochorro\u201d que intent\u00f3 asaltar a un automovilista en Avellaneda qued\u00f3 herido y detenido tras tirotearse con un polic\u00eda federal que frustr\u00f3 el robo, informaron hoy fuentes policiales.<\/p>\n<p>El hecho ocurri\u00f3 alrededor de las 20:30 de anoche en la esquina de V\u00e9lez Sarsfield y Ag\u00fcero de esa localidad del sur del conurbano, donde un ladr\u00f3n en moto increp\u00f3 armado y con fines de robo a un automovilista que esperaba en el sem\u00e1foro en rojo.<\/p>\n<p>El asalto fue observado por un efectivo de la Polic\u00eda Federal que estaba franco de servicio y observ\u00f3 todo mientras circulaba en su auto.<\/p>\n<p>Fuentes de la Jefatura Distrital Avellaneda explicaron a <em>T\u00e9lam <\/em>que el polic\u00eda baj\u00f3 de su autom\u00f3vil y dio la voz de alto, pero el delincuente respondi\u00f3 con un disparo hacia el efectivo.<\/p>\n<p>El polic\u00eda repeli\u00f3 la agresi\u00f3n con un rev\u00f3lver calibre 32 de su propiedad con el que hiri\u00f3 en el abdomen al sospechoso, quien qued\u00f3 detenido e internado en el Hospital Fiorito.<\/p>\n<p>Al lugar arribaron de inmediato m\u00f3viles de las comisar\u00edas 1ra. y 6ta. de Avellaneda que ya merodeaban la zona por una serie de asaltos que hab\u00edan ocurrido en la zona unos 20 minutos antes del enfrentamiento.<\/p>\n<p>Seg\u00fan las fuentes, los polic\u00edas de Avellaneda pudieron establecer que el hombre baleado y un c\u00f3mplice que luego fue aprehendido en la zona, eran los dos \u201cmotochorros\u201d que antes de este hecho le hab\u00edan robado dinero y el celular a un transe\u00fante en Gerli.<\/p>\n<p>Los voceros agregaron que los dos sospechosos detenidos son mayores de edad y que el baleado hab\u00eda salido de c\u00e1rcel hace tres meses.<\/p>\n<\/div>\n","protected":false},"excerpt":{"rendered":"<p>Sucedi\u00f3 en Gerli cuando el polic\u00eda, que estaba de franco, observ\u00f3 c\u00f3mo un ladr\u00f3n intentaba robar a un automovilista. El agente dio la voz de alto y el malviviente respondi\u00f3 con disparos, por lo que el uniformado repeli\u00f3 el ataque e hiri\u00f3 al \u00abcaco\u00bb en el abdomen. Seg\u00fan trascendi\u00f3, hab\u00eda salido de la c\u00e1rcel hac\u00eda&hellip;<\/p>\n","protected":false},"author":1,"featured_media":0,"comment_status":"open","ping_status":"open","sticky":false,"template":"","format":"standard","meta":{"footnotes":""},"categories":[22],"tags":[580,461,388,1662,9601,4026,30,958],"class_list":["post-19694","post","type-post","status-publish","format-standard","hentry","category-policiales","tag-asalto","tag-avellaneda","tag-disparo","tag-gerli","tag-hospital-fiorito","tag-motochorro","tag-policia","tag-policia-federal"],"_links":{"self":[{"href":"https:\/\/www.elsindical.com.ar\/notas\/wp-json\/wp\/v2\/posts\/19694","targetHints":{"allow":["GET"]}}],"collection":[{"href":"https:\/\/www.elsindical.com.ar\/notas\/wp-json\/wp\/v2\/posts"}],"about":[{"href":"https:\/\/www.elsindical.com.ar\/notas\/wp-json\/wp\/v2\/types\/post"}],"author":[{"embeddable":true,"href":"https:\/\/www.elsindical.com.ar\/notas\/wp-json\/wp\/v2\/users\/1"}],"replies":[{"embeddable":true,"href":"https:\/\/www.elsindical.com.ar\/notas\/wp-json\/wp\/v2\/comments?post=19694"}],"version-history":[{"count":1,"href":"https:\/\/www.elsindical.com.ar\/notas\/wp-json\/wp\/v2\/posts\/19694\/revisions"}],"predecessor-version":[{"id":19695,"href":"https:\/\/www.elsindical.com.ar\/notas\/wp-json\/wp\/v2\/posts\/19694\/revisions\/19695"}],"wp:attachment":[{"href":"https:\/\/www.elsindical.com.ar\/notas\/wp-json\/wp\/v2\/media?parent=19694"}],"wp:term":[{"taxonomy":"category","embeddable":true,"href":"https:\/\/www.elsindical.com.ar\/notas\/wp-json\/wp\/v2\/categories?post=19694"},{"taxonomy":"post_tag","embeddable":true,"href":"https:\/\/www.elsindical.com.ar\/notas\/wp-json\/wp\/v2\/tags?post=19694"}],"curies":[{"name":"wp","href":"https:\/\/api.w.org\/{rel}","templated":true}]}}