{"id":19668,"date":"2011-12-20T09:52:46","date_gmt":"2011-12-20T12:52:46","guid":{"rendered":"http:\/\/www.elsindical.com.ar\/notas\/?p=19668"},"modified":"2011-12-20T09:52:46","modified_gmt":"2011-12-20T12:52:46","slug":"comerciantes-de-florida-protestan-otra-vez-contra-los-manteros","status":"publish","type":"post","link":"https:\/\/www.elsindical.com.ar\/notas\/comerciantes-de-florida-protestan-otra-vez-contra-los-manteros\/","title":{"rendered":"Comerciantes de Florida protestan otra vez contra los manteros"},"content":{"rendered":"<p style=\"text-align: justify;\"><em><a href=\"http:\/\/www.elsindical.com.ar\/notas\/var\/www\/html\/notas\/wp-content\/uploads\/2011\/12\/protesta-de-CAME.jpg\"><img loading=\"lazy\" decoding=\"async\" class=\"alignleft size-medium wp-image-19669\" title=\"protesta-de-CAME\" src=\"http:\/\/www.elsindical.com.ar\/notas\/var\/www\/html\/notas\/wp-content\/uploads\/2011\/12\/protesta-de-CAME-300x225.jpg\" alt=\"\" width=\"300\" height=\"225\" srcset=\"https:\/\/www.elsindical.com.ar\/notas\/var\/www\/html\/notas\/wp-content\/uploads\/2011\/12\/protesta-de-CAME-300x225.jpg 300w, https:\/\/www.elsindical.com.ar\/notas\/var\/www\/html\/notas\/wp-content\/uploads\/2011\/12\/protesta-de-CAME.jpg 413w\" sizes=\"auto, (max-width: 300px) 100vw, 300px\" \/><\/a>Un grupo de propietarios de locales ubicados en la peatonal\u00a0 comenz\u00f3 a <strong>sacar su mercader\u00eda a la calle<\/strong>, en rechazo a los vendedores ilegales. <strong>\u00abEs un grupo de comerciantes que se siente damnificado\u00bb<\/strong> por la venta ambulante, revelo en <strong>Radio 10 H\u00e9ctor L\u00f3pez Moreno<\/strong> de la Asociaci\u00f3n de Amigos de la Calle Florida.<\/em><\/p>\n<p style=\"text-align: justify;\">Un grupo de comerciantes de Florida sacar\u00e1 sus mercader\u00edas a la peatonal, en protesta por la presencia de los manteros, seg\u00fan confirm\u00f3 en <strong>Radio 10<\/strong>, el titular de la Asociaci\u00f3n de Amigos de la Calle Florida, <strong>H\u00e9ctor L\u00f3pez Moreno<\/strong>, quien dijo que los due\u00f1os de los locales que se manifestar\u00e1n, lo hacen porque se sienten damnificados por la venta ambulante.<\/p>\n<p style=\"text-align: justify;\"><strong>\u201cEs un grupo que se vieron impulsados por los dichos de la Presidente de que la econom\u00eda informal hace mover y crecer al pa\u00eds\u00bb, revel\u00f3 L\u00f3pez, quien aclar\u00f3 que en esta oportunidad, la Asociaci\u00f3n no har\u00e1 parte de la manifestaci\u00f3n.<\/strong><\/p>\n<p style=\"text-align: justify;\">\u201cNo estamos de acuerdo porque ya tenemos una promesa de Horacio (Rodr\u00edguez Larreta), de (Diego) Santilli y del jefe de Gobierno (Mauricio Macri), quien dijeron que van a proceder (contra los manteros) en enero\u201d, preci\u00f3 L\u00f3pez, quien dijo que muchos de los comerciantes no se sienten apoyado por el Gobierno Nacional.<\/p>\n<p style=\"text-align: justify;\">\u00abHay que tambi\u00e9n dejarlo a ellos que corten\u00bb, a\u00f1adi\u00f3. Adem\u00e1s, denunci\u00f3 que el s\u00e1bado y domingo hab\u00eda en la peatonal m\u00e1s de 800 manteros. <strong>\u00abNo tenemos un solo polic\u00eda de la Federal ni un solo inspector\u00bb,<\/strong> se quej\u00f3 el titular de la Asociaci\u00f3n.<\/p>\n","protected":false},"excerpt":{"rendered":"<p>Un grupo de propietarios de locales ubicados en la peatonal\u00a0 comenz\u00f3 a sacar su mercader\u00eda a la calle, en rechazo a los vendedores ilegales. \u00abEs un grupo de comerciantes que se siente damnificado\u00bb por la venta ambulante, revelo en Radio 10 H\u00e9ctor L\u00f3pez Moreno de la Asociaci\u00f3n de Amigos de la Calle Florida. Un grupo&hellip;<\/p>\n","protected":false},"author":1,"featured_media":0,"comment_status":"open","ping_status":"open","sticky":false,"template":"","format":"standard","meta":{"footnotes":""},"categories":[25],"tags":[7187,9581,9365,2349],"class_list":["post-19668","post","type-post","status-publish","format-standard","hentry","category-sociedad","tag-came","tag-comerciantes-calle-florida","tag-manteros","tag-peatonal"],"_links":{"self":[{"href":"https:\/\/www.elsindical.com.ar\/notas\/wp-json\/wp\/v2\/posts\/19668","targetHints":{"allow":["GET"]}}],"collection":[{"href":"https:\/\/www.elsindical.com.ar\/notas\/wp-json\/wp\/v2\/posts"}],"about":[{"href":"https:\/\/www.elsindical.com.ar\/notas\/wp-json\/wp\/v2\/types\/post"}],"author":[{"embeddable":true,"href":"https:\/\/www.elsindical.com.ar\/notas\/wp-json\/wp\/v2\/users\/1"}],"replies":[{"embeddable":true,"href":"https:\/\/www.elsindical.com.ar\/notas\/wp-json\/wp\/v2\/comments?post=19668"}],"version-history":[{"count":1,"href":"https:\/\/www.elsindical.com.ar\/notas\/wp-json\/wp\/v2\/posts\/19668\/revisions"}],"predecessor-version":[{"id":19670,"href":"https:\/\/www.elsindical.com.ar\/notas\/wp-json\/wp\/v2\/posts\/19668\/revisions\/19670"}],"wp:attachment":[{"href":"https:\/\/www.elsindical.com.ar\/notas\/wp-json\/wp\/v2\/media?parent=19668"}],"wp:term":[{"taxonomy":"category","embeddable":true,"href":"https:\/\/www.elsindical.com.ar\/notas\/wp-json\/wp\/v2\/categories?post=19668"},{"taxonomy":"post_tag","embeddable":true,"href":"https:\/\/www.elsindical.com.ar\/notas\/wp-json\/wp\/v2\/tags?post=19668"}],"curies":[{"name":"wp","href":"https:\/\/api.w.org\/{rel}","templated":true}]}}