{"id":19633,"date":"2011-12-18T21:35:02","date_gmt":"2011-12-19T00:35:02","guid":{"rendered":"http:\/\/www.elsindical.com.ar\/notas\/?p=19633"},"modified":"2011-12-18T21:35:14","modified_gmt":"2011-12-19T00:35:14","slug":"villa-ballesterasesinan-a-dueno-de-supermercado-chino-y-a-una-empleada","status":"publish","type":"post","link":"https:\/\/www.elsindical.com.ar\/notas\/villa-ballesterasesinan-a-dueno-de-supermercado-chino-y-a-una-empleada\/","title":{"rendered":"Villa Ballester:Asesinan a due\u00f1o de supermercado chino y a una empleada"},"content":{"rendered":"<p style=\"text-align: justify;\"><em><a href=\"http:\/\/www.elsindical.com.ar\/notas\/var\/www\/html\/notas\/wp-content\/uploads\/2011\/12\/supermercado-Ballester.jpg\"><img loading=\"lazy\" decoding=\"async\" class=\"alignleft size-medium wp-image-19634\" title=\"supermercado-Ballester\" src=\"http:\/\/www.elsindical.com.ar\/notas\/var\/www\/html\/notas\/wp-content\/uploads\/2011\/12\/supermercado-Ballester-300x195.jpg\" alt=\"\" width=\"300\" height=\"195\" srcset=\"https:\/\/www.elsindical.com.ar\/notas\/var\/www\/html\/notas\/wp-content\/uploads\/2011\/12\/supermercado-Ballester-300x195.jpg 300w, https:\/\/www.elsindical.com.ar\/notas\/var\/www\/html\/notas\/wp-content\/uploads\/2011\/12\/supermercado-Ballester.jpg 413w\" sizes=\"auto, (max-width: 300px) 100vw, 300px\" \/><\/a>El propietario de un local y una empleada murieron tras recibir varios disparos cuando trabajaban en un comercio de Villa Ballester. Autoridades descartaron que se haya tratado de un intento de robo y apuntan a la \u00abmafia china\u00bb.<\/em><\/p>\n<p style=\"text-align: justify;\">Un joven de origen oriental y una mujer fueron asesinados a balazos dentro del supermercado chino en el que trabajaban, en la localidad bonaerense de Villa Ballester, partido de San Mart\u00edn, informaron fuentes policiales.<\/p>\n<p style=\"text-align: justify;\">Los investigadores consultados descartan la hip\u00f3tesis del robo y creen que se pudo haber tratado de un <em>\u201cataque mafioso\u201d<\/em> o un crimen por <em>\u201crazones sentimentales\u201d. <\/em><\/p>\n<p style=\"text-align: justify;\">El hecho ocurri\u00f3 cerca del mediod\u00eda de este domingo, en el interior del \u201c<em>Supermercado Ballester<\/em>\u201d, situado en la calla Catamarca 4085, de Villa Ballester, en la zona noroeste del conurbano, donde trabajaban las v\u00edctimas, identificadas por la polic\u00eda como<strong> Emilia Correa<\/strong> (20) y <strong>Chan Ingrin <\/strong>(22).<\/p>\n<p style=\"text-align: justify;\">Fuentes policiales informaron que todo comenz\u00f3 cuando dos hombres armados ingresaron al comercio y uno de ellos efectu\u00f3 al menos dos disparos al joven de origen chino, quien se encontraba a unos pocos metros de la puerta de ingreso.<\/p>\n<p style=\"text-align: justify;\">Mientras que el otro delincuente se dirigi\u00f3 r\u00e1pidamente hacia la fiambrer\u00eda del supermercado, donde se encontraba la joven, y, sin mediar palabra, le dispar\u00f3 dos tiros que le ocasionaron la muerte casi en el acto.<\/p>\n<p style=\"text-align: justify;\">Tras el ataque a balazos, los dos delincuentes escaparon del comercio a la carrera y sin sustraer ning\u00fan elemento de valor, explic\u00f3 un jefe policial que descarta \u201c<em>completamente<\/em>\u201d la hip\u00f3tesis del robo.<\/p>\n<p style=\"text-align: justify;\">El mismo pesquisa indic\u00f3 que si bien al momento del ataque se encontraban dentro del local otros dos compa\u00f1eros de las v\u00edctimas, \u00e9stos aseguraron a los efectivos de la comisar\u00eda 2da. de San Mart\u00edn que no vieron \u201c<em>nada<\/em>\u201d.<\/p>\n<p style=\"text-align: justify;\">Los investigadores establecieron que cuando se produjeron los disparos, dentro del supermercado no hab\u00eda clientes, aunque esta tarde procuraban localizar a un hombre que realiz\u00f3 unas compras y se retir\u00f3 del lugar cuando los agresores ingresaran.<\/p>\n<p style=\"text-align: justify;\">Adem\u00e1s, mediante el an\u00e1lisis de las c\u00e1maras de seguridad del comercio, los pesquisas determinaron que los delincuentes fueron\u00a0 directamente a matar a las v\u00edctimas, dijo el vocero.<\/p>\n<p style=\"text-align: justify;\">Por su parte, una vecina del supermercado dijo esta tarde a la prensa que \u201c<em>la chica no ten\u00eda nada que ver y la mataron tambi\u00e9n\u201d<\/em> y que<em> \u201cno se sabe si (los delincuentes) se llevaron plata\u201d. <\/em><\/p>\n<p style=\"text-align: justify;\">La mujer tambi\u00e9n cont\u00f3 que la joven asesinada ten\u00eda<em> \u201cdos hijos\u201d<\/em> y que era conocida del barrio, mientras que la otra v\u00edctima viv\u00eda en la planta alta del local donde hay una casa particular.<\/p>\n<p style=\"text-align: justify;\">La vecina agreg\u00f3 que hubo <em>\u201cm\u00e1s de diez tiros\u201d <\/em>y respecto sobre la posibilidad de un ataque de la \u201c<em>mafia china<\/em>\u201d dijo que no estaba<em> \u201ctan segura\u201d<\/em> que \u00e9se haya sido el m\u00f3vil. En tanto, las fuentes agregaron que el comercio hab\u00eda sido inaugurado el 8 de diciembre \u00faltimo y que d\u00edas despu\u00e9s le balearon el frente.<\/p>\n<p style=\"text-align: justify;\">Por otro lado, los pesquisas procuran determinar qu\u00e9 tipo de armas se utilizaron en el hecho ya que no se hallaron rastros de las mismas y si los delincuentes se movilizaban en alg\u00fan tipo de veh\u00edculo.<\/p>\n<p style=\"text-align: justify;\">El hecho es investigado por el personal de la Unidad Funcional de Instrucci\u00f3n (UFI) 1 del Departamento Judicial San Mart\u00edn, a cargo del fiscal <strong>H\u00e9ctor Scebba<\/strong>.<\/p>\n<p style=\"text-align: justify;\">Si se confirma que el hecho est\u00e1 vinculado a la <em>\u201cmafia china\u201d<\/em>, tal como sospechan los pesquisas, se convertir\u00eda en el s\u00e9ptimo homicidio de estas caracter\u00edsticas en lo que va del a\u00f1o.<\/p>\n<p style=\"text-align: justify;\">El \u00faltimo episodio ocurri\u00f3 el 9 de octubre, en la ciudad bonaerense de Mar del Plata, donde <strong>He Xin Chao <\/strong>(45), quien era propietario del supermercado \u201c<em>Pek\u00edn<\/em>\u201d, fue asesinado de tres tiros.<\/p>\n<p style=\"text-align: justify;\">El 2 de octubre, el hijo del due\u00f1o del supermercado \u201c<em>G\u00e9minis<\/em>\u201d, situado sobre la ruta provincial 5, en General Rodr\u00edguez, fue asesinado a balazos por un hombre sin mediar palabra.<\/p>\n<p style=\"text-align: justify;\">El 29 de setiembre, otro comerciante chino, llamado <strong>Huang Xian Ping<\/strong> (46), fue asesinado de un tiro en el pecho cuando llegaba a su casa de la localidad bonaerense de Lomas de Zamora, tras recibir amenazas para que pagara 50.000 d\u00f3lares y as\u00ed permitirle abrir un nuevo local.<\/p>\n<p style=\"text-align: justify;\">El 1 de mayo mataron al hijo del due\u00f1o de otro comercio dentro del local, en el barrio porte\u00f1o de Villa Crespo y el 14 de febrero, un comerciante fue asesinado a balazos por un delincuente encapuchado que lo atac\u00f3 en su supermercado del partido bonaerense de Lan\u00fas.<\/p>\n","protected":false},"excerpt":{"rendered":"<p>El propietario de un local y una empleada murieron tras recibir varios disparos cuando trabajaban en un comercio de Villa Ballester. Autoridades descartaron que se haya tratado de un intento de robo y apuntan a la \u00abmafia china\u00bb. Un joven de origen oriental y una mujer fueron asesinados a balazos dentro del supermercado chino en&hellip;<\/p>\n","protected":false},"author":1,"featured_media":0,"comment_status":"open","ping_status":"open","sticky":false,"template":"","format":"standard","meta":{"footnotes":""},"categories":[22],"tags":[894,9574,78,6131,30,820,4331,9573],"class_list":["post-19633","post","type-post","status-publish","format-standard","hentry","category-policiales","tag-disparos","tag-dueno","tag-empleada","tag-mafia-china","tag-policia","tag-san-martin","tag-supermercado-chino","tag-villa-ballester"],"_links":{"self":[{"href":"https:\/\/www.elsindical.com.ar\/notas\/wp-json\/wp\/v2\/posts\/19633","targetHints":{"allow":["GET"]}}],"collection":[{"href":"https:\/\/www.elsindical.com.ar\/notas\/wp-json\/wp\/v2\/posts"}],"about":[{"href":"https:\/\/www.elsindical.com.ar\/notas\/wp-json\/wp\/v2\/types\/post"}],"author":[{"embeddable":true,"href":"https:\/\/www.elsindical.com.ar\/notas\/wp-json\/wp\/v2\/users\/1"}],"replies":[{"embeddable":true,"href":"https:\/\/www.elsindical.com.ar\/notas\/wp-json\/wp\/v2\/comments?post=19633"}],"version-history":[{"count":3,"href":"https:\/\/www.elsindical.com.ar\/notas\/wp-json\/wp\/v2\/posts\/19633\/revisions"}],"predecessor-version":[{"id":19637,"href":"https:\/\/www.elsindical.com.ar\/notas\/wp-json\/wp\/v2\/posts\/19633\/revisions\/19637"}],"wp:attachment":[{"href":"https:\/\/www.elsindical.com.ar\/notas\/wp-json\/wp\/v2\/media?parent=19633"}],"wp:term":[{"taxonomy":"category","embeddable":true,"href":"https:\/\/www.elsindical.com.ar\/notas\/wp-json\/wp\/v2\/categories?post=19633"},{"taxonomy":"post_tag","embeddable":true,"href":"https:\/\/www.elsindical.com.ar\/notas\/wp-json\/wp\/v2\/tags?post=19633"}],"curies":[{"name":"wp","href":"https:\/\/api.w.org\/{rel}","templated":true}]}}