{"id":19529,"date":"2011-12-15T09:36:33","date_gmt":"2011-12-15T12:36:33","guid":{"rendered":"http:\/\/www.elsindical.com.ar\/notas\/?p=19529"},"modified":"2011-12-15T09:36:33","modified_gmt":"2011-12-15T12:36:33","slug":"violencia-de-genero-matan-a-dos-mujeres-y-otra-agoniza","status":"publish","type":"post","link":"https:\/\/www.elsindical.com.ar\/notas\/violencia-de-genero-matan-a-dos-mujeres-y-otra-agoniza\/","title":{"rendered":"Violencia de g\u00e9nero: matan a dos mujeres y otra agoniza"},"content":{"rendered":"<p style=\"text-align: justify;\"><em><a href=\"http:\/\/www.elsindical.com.ar\/notas\/var\/www\/html\/notas\/wp-content\/uploads\/2011\/12\/traslado-de-Mar\u00eda-Paredes.jpg\"><img loading=\"lazy\" decoding=\"async\" class=\"alignleft size-medium wp-image-19530\" title=\"traslado-de-Mar\u00eda-Paredes\" src=\"http:\/\/www.elsindical.com.ar\/notas\/var\/www\/html\/notas\/wp-content\/uploads\/2011\/12\/traslado-de-Mar\u00eda-Paredes-300x207.jpg\" alt=\"\" width=\"300\" height=\"207\" srcset=\"https:\/\/www.elsindical.com.ar\/notas\/var\/www\/html\/notas\/wp-content\/uploads\/2011\/12\/traslado-de-Mar\u00eda-Paredes-300x207.jpg 300w, https:\/\/www.elsindical.com.ar\/notas\/var\/www\/html\/notas\/wp-content\/uploads\/2011\/12\/traslado-de-Mar\u00eda-Paredes.jpg 413w\" sizes=\"auto, (max-width: 300px) 100vw, 300px\" \/><\/a>Los casos fueron en La Pampa, C\u00f3rdoba y GBA. A Mar\u00eda Paredes, de 28 a\u00f1os, le pegaron dos tiros y tiene muerte\u00a0 cerebral.\u00a0 Alejandra Cuesta, de 23, muri\u00f3 apu\u00f1alada. Y a Elizabeth\u00a0 Medina, de 35, la mataron a mazazos. Los tres hombres quedaron\u00a0 detenidos.<\/em><\/p>\n<p style=\"text-align: justify;\">La escalada de muertes por situaciones de violencia de g\u00e9nero parece no\u00a0 tener freno. Ayer se conocieron tres nuevos casos en La Pampa, C\u00f3rdoba y\u00a0 Moreno. Dos mujeres murieron y una tercera se encontraba, al cierre de\u00a0 esta edici\u00f3n, con diagn\u00f3stico de muerte cerebral.<\/p>\n<p style=\"text-align: justify;\"><strong>La Pampa<\/strong><\/p>\n<p style=\"text-align: justify;\">Una\u00a0 mujer de 28 a\u00f1os qued\u00f3 en estado de muerte cerebral despu\u00e9s de que su ex\u00a0 pareja le pegara dos tiros durante una discusi\u00f3n. A Mar\u00eda del Carmen\u00a0 Paredes, una de las balas, le perfor\u00f3 el cr\u00e1neo y le qued\u00f3 alojada\u00a0 debajo del ojo. El caso conmociona a la misma provincia que todav\u00eda no\u00a0 logra superar el estupor provocado por el homicidio de Carla Figueroa, a\u00a0 manos de su violador y pareja, Marcelo Tomaselli.<\/p>\n<p style=\"text-align: justify;\">El ataque a\u00a0 Paredes ocurri\u00f3 el martes, pero se conoci\u00f3 ayer. Fue en el barrio Villa\u00a0 Santill\u00e1n, uno de los m\u00e1s tradicionales de la ciudad. Pasadas las 17.15,\u00a0 Paredes fue a la casa donde su ex pareja, Luis Fern\u00e1ndez (42), un\u00a0 hombre con antecedentes penales, conviv\u00eda con su mujer actual.\u00a0 \u201cHubo\u00a0 una discusi\u00f3n, pero no sabemos qu\u00e9 sucedi\u00f3\u201d, dijo el Comisario Dar\u00edo\u00a0 Seisdedos. Los disparos alarmaron a un vecino que llam\u00f3 a la Polic\u00eda.<\/p>\n<p style=\"text-align: justify;\">El\u00a0 agresor huy\u00f3 del lugar del incidente en una moto. Pero horas despu\u00e9s,\u00a0 se present\u00f3 en una comisar\u00eda. Fern\u00e1ndez relat\u00f3 que la mujer lo atac\u00f3.\u00a0 Presentaba cortes de cuchillo en las piernas. Tambi\u00e9n cont\u00f3 que el\u00a0 disparo en el cr\u00e1neo ingres\u00f3 por detr\u00e1s porque la mujer gir\u00f3 despu\u00e9s de\u00a0 recibir el primer impacto en el om\u00f3plato. La actual pareja de Fern\u00e1ndez\u00a0 relat\u00f3 que Paredes ingres\u00f3 a la casa con un arma gritando \u201clos voy a\u00a0 matar a todos\u201d. A Fern\u00e1ndez lo llaman \u201cGalgo\u201d. A principios de a\u00f1o, rob\u00f3\u00a0 una distribuidora de gaseosa, pero sali\u00f3 libre tras un acuerdo judicial\u00a0 al devolver el bot\u00edn. Hace tres meses alquil\u00f3 el galp\u00f3n donde ocurri\u00f3\u00a0 el ataque, donde vive con su nueva pareja, de 20 a\u00f1os.<\/p>\n<p style=\"text-align: justify;\"><strong>C\u00f3rdoba<\/strong><\/p>\n<p style=\"text-align: justify;\">El\u00a0 martes a las 23, Alejandra Cuesta (36) sali\u00f3 de su casa en el barrio\u00a0 Arpeboch y le pidi\u00f3 ayuda a un vecino: \u201cMe peg\u00f3 mi marido, llevame al\u00a0 hospital\u201d, dijo mientras se tapaba una herida en el cuello de la que\u00a0 sal\u00eda abundante sangre. Detr\u00e1s de la mujer, sali\u00f3 el marido, Juan\u00a0 Albarrac\u00edn (36), quien la ayud\u00f3 a subir a un auto y partieron hacia el\u00a0 hospital de Villa El Libertador. Al llegar, la mujer ya hab\u00eda perdido\u00a0 mucha sangre, por lo que debi\u00f3 ser trasladarla al Hospital Municipal de\u00a0 Urgencias.\u00a0 La m\u00e9dica de guardia, Ivonne Mestre, dijo que Albarrac\u00edn se\u00a0 present\u00f3 como la pareja de la mujer. Una hora despu\u00e9s, Cuesta falleci\u00f3\u00a0 en el quir\u00f3fano. Su marido fue detenido acusado del delito de Homicidio\u00a0 calificado por el v\u00ednculo.<\/p>\n<p style=\"text-align: justify;\">Una fuente de la polic\u00eda local confi\u00f3 que \u201cla pareja conviv\u00eda en la actualidad, aunque el sospechoso\u00a0 trabajaba de lunes a s\u00e1bado en otra localidad y regresaba a la vivienda\u00a0 de Arpeboch s\u00f3lo los fines de semana\u201d. El informante agreg\u00f3 que \u201cla\u00a0 agresi\u00f3n sobrevino por un ataque de celos del hombre, que le reclam\u00f3 a\u00a0 la mujer por supuestas infidelidades. En medio de la discusi\u00f3n,\u00a0 aparentemente tras golpearla, el sujeto le asest\u00f3 un corte en el cuello a\u00a0 la v\u00edctima\u201d. La pareja ten\u00eda un hijo en com\u00fan de unos 10 a\u00f1os de\u00a0 edad; mientras que el hombre tiene otros dos hijos de un matrimonio\u00a0 anterior. Ninguno de los chicos se encontraba en la casa al momento de\u00a0 la tragedia.<\/p>\n<p style=\"text-align: justify;\"><strong>Gran Buenos Aires<\/strong><\/p>\n<p style=\"text-align: justify;\">La \u00faltima tragedia se conoci\u00f3 ayer\u00a0 por la tarde. En la localidad de Moreno, Juan Carlos Winanovich, de 60\u00a0 a\u00f1os, asesin\u00f3 a mazazos a su pareja, Elizabeth Liliana Medina, de 35\u00a0 a\u00f1os. El crimen ocurri\u00f3 cerca de las 17. Luego de asesinarla, Winanovich\u00a0 intent\u00f3 suicidarse, clav\u00e1ndose un cuchillo en el cuello. Cuando lleg\u00f3\u00a0 la polic\u00eda, el cuerpo de Elizabeth estaba tirado en la entrada de la\u00a0 casa y adentro Winanovich se revolcaba herido; el hombre fue trasladado\u00a0 al hospital de Moreno \u201cMariano y Luciano De La Vega\u201d.<\/p>\n","protected":false},"excerpt":{"rendered":"<p>Los casos fueron en La Pampa, C\u00f3rdoba y GBA. A Mar\u00eda Paredes, de 28 a\u00f1os, le pegaron dos tiros y tiene muerte\u00a0 cerebral.\u00a0 Alejandra Cuesta, de 23, muri\u00f3 apu\u00f1alada. Y a Elizabeth\u00a0 Medina, de 35, la mataron a mazazos. Los tres hombres quedaron\u00a0 detenidos. La escalada de muertes por situaciones de violencia de g\u00e9nero parece&hellip;<\/p>\n","protected":false},"author":1,"featured_media":0,"comment_status":"open","ping_status":"open","sticky":false,"template":"","format":"standard","meta":{"footnotes":""},"categories":[22],"tags":[153,9521,1912,1232,572],"class_list":["post-19529","post","type-post","status-publish","format-standard","hentry","category-policiales","tag-cordoba","tag-gba","tag-la-pampa","tag-moreno","tag-violencia-de-genero"],"_links":{"self":[{"href":"https:\/\/www.elsindical.com.ar\/notas\/wp-json\/wp\/v2\/posts\/19529","targetHints":{"allow":["GET"]}}],"collection":[{"href":"https:\/\/www.elsindical.com.ar\/notas\/wp-json\/wp\/v2\/posts"}],"about":[{"href":"https:\/\/www.elsindical.com.ar\/notas\/wp-json\/wp\/v2\/types\/post"}],"author":[{"embeddable":true,"href":"https:\/\/www.elsindical.com.ar\/notas\/wp-json\/wp\/v2\/users\/1"}],"replies":[{"embeddable":true,"href":"https:\/\/www.elsindical.com.ar\/notas\/wp-json\/wp\/v2\/comments?post=19529"}],"version-history":[{"count":2,"href":"https:\/\/www.elsindical.com.ar\/notas\/wp-json\/wp\/v2\/posts\/19529\/revisions"}],"predecessor-version":[{"id":19532,"href":"https:\/\/www.elsindical.com.ar\/notas\/wp-json\/wp\/v2\/posts\/19529\/revisions\/19532"}],"wp:attachment":[{"href":"https:\/\/www.elsindical.com.ar\/notas\/wp-json\/wp\/v2\/media?parent=19529"}],"wp:term":[{"taxonomy":"category","embeddable":true,"href":"https:\/\/www.elsindical.com.ar\/notas\/wp-json\/wp\/v2\/categories?post=19529"},{"taxonomy":"post_tag","embeddable":true,"href":"https:\/\/www.elsindical.com.ar\/notas\/wp-json\/wp\/v2\/tags?post=19529"}],"curies":[{"name":"wp","href":"https:\/\/api.w.org\/{rel}","templated":true}]}}