{"id":19501,"date":"2011-12-14T12:34:27","date_gmt":"2011-12-14T15:34:27","guid":{"rendered":"http:\/\/www.elsindical.com.ar\/notas\/?p=19501"},"modified":"2011-12-14T12:34:27","modified_gmt":"2011-12-14T15:34:27","slug":"denuncian-a-gendarmes-por-la-extrana-muerte-de-un-joven","status":"publish","type":"post","link":"https:\/\/www.elsindical.com.ar\/notas\/denuncian-a-gendarmes-por-la-extrana-muerte-de-un-joven\/","title":{"rendered":"Denuncian a gendarmes por la extra\u00f1a muerte de un joven"},"content":{"rendered":"<p style=\"text-align: justify;\"><em><a href=\"http:\/\/www.elsindical.com.ar\/notas\/var\/www\/html\/notas\/wp-content\/uploads\/2011\/12\/Lucas-Ezequiel-Montenegro.jpg\"><img loading=\"lazy\" decoding=\"async\" class=\"alignleft size-medium wp-image-19502\" title=\"Lucas-Ezequiel-Montenegro\" src=\"http:\/\/www.elsindical.com.ar\/notas\/var\/www\/html\/notas\/wp-content\/uploads\/2011\/12\/Lucas-Ezequiel-Montenegro-300x225.jpg\" alt=\"\" width=\"300\" height=\"225\" srcset=\"https:\/\/www.elsindical.com.ar\/notas\/var\/www\/html\/notas\/wp-content\/uploads\/2011\/12\/Lucas-Ezequiel-Montenegro-300x225.jpg 300w, https:\/\/www.elsindical.com.ar\/notas\/var\/www\/html\/notas\/wp-content\/uploads\/2011\/12\/Lucas-Ezequiel-Montenegro.jpg 413w\" sizes=\"auto, (max-width: 300px) 100vw, 300px\" \/><\/a>Familiares de un joven que apareci\u00f3 descuartizado sobre las v\u00edas del tren, en inmediaciones de la estaci\u00f3n Grand Bourg, expresaron sus sospechas sobre la participaci\u00f3n de personal de Gendarmer\u00eda Nacional en una golpiza previa a la muerte en el accidente ferroviario y denunciaron la demora en la entrega del cuerpo y su falta de conservaci\u00f3n en la morgue de un hospital de la zona de Ciudadela a la que fue derivado el cad\u00e1ver. Adem\u00e1s, la novia y el grupo de amigos que lo acompa\u00f1aban, luego de pasar unas horas en el boliche bailable, manifestaron que \u201cluego de un problema con los patovicas y una discusi\u00f3n en la calle, sali\u00f3 corriendo y no volvimos a verlo, hasta que m\u00e1s tarde nos enteramos de lo que hab\u00eda pasado\u201d.<\/em><\/p>\n<p style=\"text-align: justify;\">Por su parte, voceros policiales indicaron que Lucas Ezequiel Montenegro, de 19 a\u00f1os, fue arrollado por una formaci\u00f3n ferroviaria en la madrugada del domingo pasado, aunque resta establecer s\u00ed se trat\u00f3 de un suicidio o de una situaci\u00f3n accidental, mientras que la justicia que investiga el episodio lo tiene caratulado como \u201caveriguaci\u00f3n de causales de muerte\u201d, en un expediente que se encuentra a cargo de la Fiscal Lorena Carpovich, titular de la Unidad Funcional de Instrucci\u00f3n N\u00b0 21 descentralizada de Malvinas Argentinas.<\/p>\n<p style=\"text-align: justify;\">Alicia Vel\u00e1zquez, madre de Lucas Montenegro, detall\u00f3 la \u201cconfusa situaci\u00f3n\u201d en torno al fallecimiento de su hijo. \u201cFue a bailar el s\u00e1bado a la noche con su hermano, su novia y otros amigos al boliche El Sitio, en el centro de Grand Bourg. Ah\u00ed adentro, discuti\u00f3 con la chica y los de seguridad decidieron echarlos a la calle. Si bien con los patovicas hubo una discusi\u00f3n, despu\u00e9s protagoniz\u00f3 una pelea con ella y all\u00ed intervinieron los gendarmes que custodiaban la estaci\u00f3n.<\/p>\n<p style=\"text-align: justify;\">De ah\u00ed en adelante, todo es un misterio, nadie lo vio, ni sabe que pas\u00f3, hasta que lo encontraron con el cuerpo destrozado al lado de las v\u00edas\u201d, afirm\u00f3. La sospecha de la familia apunta a que \u201calguien lo corri\u00f3, lo golpe\u00f3 y despu\u00e9s lo tiraron a las v\u00edas. Por eso pedimos que los investigadores pidan los videos de las c\u00e1maras de seguridad de la estaci\u00f3n para ver las im\u00e1genes. Ac\u00e1 pas\u00f3 algo raro, que nos est\u00e1n ocultando. Si nosotros no llam\u00e1bamos a la comisar\u00eda para averiguar, tampoco nadie nos avisaba. Apenas les dimos la descripci\u00f3n f\u00edsica de Lucas, enseguida dijeron que lo hab\u00eda matado un tren, a las tres de la madrugada. Cuando lo fuimos a reconocer nos mandaron hasta la morgue del Hospital Ram\u00f3n Carrillo de Ciudadela\u201d.<\/p>\n","protected":false},"excerpt":{"rendered":"<p>Familiares de un joven que apareci\u00f3 descuartizado sobre las v\u00edas del tren, en inmediaciones de la estaci\u00f3n Grand Bourg, expresaron sus sospechas sobre la participaci\u00f3n de personal de Gendarmer\u00eda Nacional en una golpiza previa a la muerte en el accidente ferroviario y denunciaron la demora en la entrega del cuerpo y su falta de conservaci\u00f3n&hellip;<\/p>\n","protected":false},"author":1,"featured_media":0,"comment_status":"open","ping_status":"open","sticky":false,"template":"","format":"standard","meta":{"footnotes":""},"categories":[6],"tags":[1443,819,4533,1630,9505,453,9504,9502,4336,881,9503],"class_list":["post-19501","post","type-post","status-publish","format-standard","hentry","category-denuncias","tag-boliche","tag-ciudadela","tag-descuartizado","tag-estacion","tag-fiscal-lorena-carpovich","tag-gendarmes","tag-hospital-ramon-carrillo","tag-lucas-ezequiel-montenegro","tag-malvinas-argentinas","tag-pelea","tag-vias-tren"],"_links":{"self":[{"href":"https:\/\/www.elsindical.com.ar\/notas\/wp-json\/wp\/v2\/posts\/19501","targetHints":{"allow":["GET"]}}],"collection":[{"href":"https:\/\/www.elsindical.com.ar\/notas\/wp-json\/wp\/v2\/posts"}],"about":[{"href":"https:\/\/www.elsindical.com.ar\/notas\/wp-json\/wp\/v2\/types\/post"}],"author":[{"embeddable":true,"href":"https:\/\/www.elsindical.com.ar\/notas\/wp-json\/wp\/v2\/users\/1"}],"replies":[{"embeddable":true,"href":"https:\/\/www.elsindical.com.ar\/notas\/wp-json\/wp\/v2\/comments?post=19501"}],"version-history":[{"count":1,"href":"https:\/\/www.elsindical.com.ar\/notas\/wp-json\/wp\/v2\/posts\/19501\/revisions"}],"predecessor-version":[{"id":19503,"href":"https:\/\/www.elsindical.com.ar\/notas\/wp-json\/wp\/v2\/posts\/19501\/revisions\/19503"}],"wp:attachment":[{"href":"https:\/\/www.elsindical.com.ar\/notas\/wp-json\/wp\/v2\/media?parent=19501"}],"wp:term":[{"taxonomy":"category","embeddable":true,"href":"https:\/\/www.elsindical.com.ar\/notas\/wp-json\/wp\/v2\/categories?post=19501"},{"taxonomy":"post_tag","embeddable":true,"href":"https:\/\/www.elsindical.com.ar\/notas\/wp-json\/wp\/v2\/tags?post=19501"}],"curies":[{"name":"wp","href":"https:\/\/api.w.org\/{rel}","templated":true}]}}