{"id":19458,"date":"2011-12-13T11:28:15","date_gmt":"2011-12-13T14:28:15","guid":{"rendered":"http:\/\/www.elsindical.com.ar\/notas\/?p=19458"},"modified":"2011-12-13T11:28:15","modified_gmt":"2011-12-13T14:28:15","slug":"la-pampadictaron-la-prision-preventiva-para-marcelo-tomaselli-quien-se-nego-a-declarar","status":"publish","type":"post","link":"https:\/\/www.elsindical.com.ar\/notas\/la-pampadictaron-la-prision-preventiva-para-marcelo-tomaselli-quien-se-nego-a-declarar\/","title":{"rendered":"La Pampa:Dictaron la prisi\u00f3n preventiva para Marcelo Tomaselli quien se neg\u00f3 a declarar"},"content":{"rendered":"<p style=\"text-align: justify;\"><em><a href=\"http:\/\/www.elsindical.com.ar\/notas\/var\/www\/html\/notas\/wp-content\/uploads\/2011\/12\/Marcelo-Tomaselli.jpg\"><img loading=\"lazy\" decoding=\"async\" class=\"alignleft size-medium wp-image-19459\" title=\"Marcelo-Tomaselli\" src=\"http:\/\/www.elsindical.com.ar\/notas\/var\/www\/html\/notas\/wp-content\/uploads\/2011\/12\/Marcelo-Tomaselli-300x225.jpg\" alt=\"\" width=\"300\" height=\"225\" srcset=\"https:\/\/www.elsindical.com.ar\/notas\/var\/www\/html\/notas\/wp-content\/uploads\/2011\/12\/Marcelo-Tomaselli-300x225.jpg 300w, https:\/\/www.elsindical.com.ar\/notas\/var\/www\/html\/notas\/wp-content\/uploads\/2011\/12\/Marcelo-Tomaselli.jpg 413w\" sizes=\"auto, (max-width: 300px) 100vw, 300px\" \/><\/a>El hombre de 26 a\u00f1os acusado de matar a su mujer, Carla Figueroa (18) escuch\u00f3 en Los Tribunales de General Pico las pruebas que hay en su contra, y sin objeciones de su abogado acept\u00f3 la prisi\u00f3n preventiva que solicit\u00f3 el fiscal de la causa. Tomaselli, a quien tambi\u00e9n se someter\u00e1 a pericias psiqui\u00e1tricas, est\u00e1 imputado bajo los cargos de \u201chomicidio calificado por el v\u00ednculo\u201d. El joven estaba preso por haber violado a su pareja, pero ella luego lo perdon\u00f3, se cas\u00f3 con \u00e9l, y por la figura del avenimiento la Justicia le concedi\u00f3 la libertad. Una semana despu\u00e9s la apu\u00f1al\u00f3 delante del hijo de ambos, de 3 a\u00f1os.<\/em><\/p>\n<p style=\"text-align: justify;\">Marcelo Tomaselli, el hombre acusado de matar a su mujer luego de que ella le perdonara una violaci\u00f3n, lo ayudara a salir en libertad y se casara con \u00e9l, escuch\u00f3 sin inmutarse el pedido de prisi\u00f3n preventiva que hizo el Fiscal que atiende la causa por el brutal asesinato de Carla Figueroa (18) y que luego acept\u00f3 el Juez. Sin objeciones de su abogado defensor, el hombre, de 26 a\u00f1os, imputado bajo los cargos de \u201chomicidio calificado por el v\u00ednculo\u201d pidi\u00f3 la palabra pero se la negaron. La Justicia sostiene que hay en su contra \u201cpruebas contundentes\u201d, entre ellas la declaraci\u00f3n de su propia madre, que sin dudarlo asegur\u00f3 haber escuchado c\u00f3mo su hijo mataba a su nuera delante de su peque\u00f1o nieto de tres a\u00f1os.<\/p>\n<p style=\"text-align: justify;\">Por pedido de la Justicia, adem\u00e1s, el joven ser\u00e1 sometido a pericias psiqui\u00e1tricas, dado que la pena que pesar\u00eda sobre \u00e9l en caso de ser hallado culpable ser\u00eda la \u201cprisi\u00f3n perpetua\u201d y la fiscal\u00eda quiere comprobar si estaba en plena conciencia a la hora de cometer el crimen, aunque los antecedentes de violencia que ya hab\u00eda ejercido contra la v\u00edctima restan chances a la posibilidad de que haya sido presa de una \u201cemoci\u00f3n violenta\u201d.<\/p>\n<p style=\"text-align: justify;\">Por pedido del Fiscal tambi\u00e9n se someter\u00e1n a pericia el cuchillo con el que habr\u00eda sido degollada Carla y luego apu\u00f1alada 15 veces, la ropa que vest\u00eda el imputado, las s\u00e1banas de la cama matrimonial donde yac\u00eda la v\u00edctima y un tel\u00e9fono celular que ambos utilizaban.<\/p>\n<p style=\"text-align: justify;\">Marcelo Tomaselli hab\u00eda salido en libertad hace 10 d\u00edas, luego de purgar una pena de 8 meses de prisi\u00f3n por haber violado a su pareja, de quien estaba temporalmente separado. Sin embargo, luego de denunciarlo y de que \u00e9l fuera condenado ella lo perdon\u00f3, bajo la amenaza de \u00e9l de suicidarse, lo visit\u00f3 regularmente en la c\u00e1rcel y acept\u00f3 casarse con \u00e9l. Ante esto, el abogado defensor del joven recurri\u00f3 a la figura del avenimiento, que es una especie de \u00abperd\u00f3n judicial\u00bb, y los jueces decidieron aceptar el argumento y dejarlo en libertad.<\/p>\n<p style=\"text-align: justify;\">Si bien algunos vaticinaban que la violencia ser\u00eda otra vez el final anunciado de esta historia, tal vez nadie imagin\u00f3 que llegar\u00eda al extremo de causar la muerte, y que se desatar\u00eda tan r\u00e1pido. Carla estuvo casada poco m\u00e1s de una semana, y luego la mataron. En su familia y en la familia de quien fuera su pareja nadie duda de que fue \u00e9l.<\/p>\n","protected":false},"excerpt":{"rendered":"<p>El hombre de 26 a\u00f1os acusado de matar a su mujer, Carla Figueroa (18) escuch\u00f3 en Los Tribunales de General Pico las pruebas que hay en su contra, y sin objeciones de su abogado acept\u00f3 la prisi\u00f3n preventiva que solicit\u00f3 el fiscal de la causa. Tomaselli, a quien tambi\u00e9n se someter\u00e1 a pericias psiqui\u00e1tricas, est\u00e1&hellip;<\/p>\n","protected":false},"author":1,"featured_media":0,"comment_status":"open","ping_status":"open","sticky":false,"template":"","format":"standard","meta":{"footnotes":""},"categories":[20],"tags":[363,9489,569,1912,9490,9488],"class_list":["post-19458","post","type-post","status-publish","format-standard","hentry","category-judiciales","tag-asesinato","tag-carla-figueroa","tag-esposa","tag-la-pampa","tag-marcelo-tomaselli","tag-tribunales-de-general-pico"],"_links":{"self":[{"href":"https:\/\/www.elsindical.com.ar\/notas\/wp-json\/wp\/v2\/posts\/19458","targetHints":{"allow":["GET"]}}],"collection":[{"href":"https:\/\/www.elsindical.com.ar\/notas\/wp-json\/wp\/v2\/posts"}],"about":[{"href":"https:\/\/www.elsindical.com.ar\/notas\/wp-json\/wp\/v2\/types\/post"}],"author":[{"embeddable":true,"href":"https:\/\/www.elsindical.com.ar\/notas\/wp-json\/wp\/v2\/users\/1"}],"replies":[{"embeddable":true,"href":"https:\/\/www.elsindical.com.ar\/notas\/wp-json\/wp\/v2\/comments?post=19458"}],"version-history":[{"count":1,"href":"https:\/\/www.elsindical.com.ar\/notas\/wp-json\/wp\/v2\/posts\/19458\/revisions"}],"predecessor-version":[{"id":19460,"href":"https:\/\/www.elsindical.com.ar\/notas\/wp-json\/wp\/v2\/posts\/19458\/revisions\/19460"}],"wp:attachment":[{"href":"https:\/\/www.elsindical.com.ar\/notas\/wp-json\/wp\/v2\/media?parent=19458"}],"wp:term":[{"taxonomy":"category","embeddable":true,"href":"https:\/\/www.elsindical.com.ar\/notas\/wp-json\/wp\/v2\/categories?post=19458"},{"taxonomy":"post_tag","embeddable":true,"href":"https:\/\/www.elsindical.com.ar\/notas\/wp-json\/wp\/v2\/tags?post=19458"}],"curies":[{"name":"wp","href":"https:\/\/api.w.org\/{rel}","templated":true}]}}