{"id":19379,"date":"2011-12-09T00:34:13","date_gmt":"2011-12-09T03:34:13","guid":{"rendered":"http:\/\/www.elsindical.com.ar\/notas\/?p=19379"},"modified":"2011-12-09T00:34:13","modified_gmt":"2011-12-09T03:34:13","slug":"puerto-maderoindigente-se-suicida-arrojandose-al-agua","status":"publish","type":"post","link":"https:\/\/www.elsindical.com.ar\/notas\/puerto-maderoindigente-se-suicida-arrojandose-al-agua\/","title":{"rendered":"Puerto Madero:Indigente se suicida arroj\u00e1ndose al agua"},"content":{"rendered":"<p style=\"text-align: justify;\"><a href=\"http:\/\/www.elsindical.com.ar\/notas\/var\/www\/html\/notas\/wp-content\/uploads\/2011\/12\/indigente-ahogado-Puerto-Madero.jpg\"><img loading=\"lazy\" decoding=\"async\" class=\"alignleft size-medium wp-image-19380\" title=\"indigente-ahogado-Puerto-Madero\" src=\"http:\/\/www.elsindical.com.ar\/notas\/var\/www\/html\/notas\/wp-content\/uploads\/2011\/12\/indigente-ahogado-Puerto-Madero-300x207.jpg\" alt=\"\" width=\"300\" height=\"207\" srcset=\"https:\/\/www.elsindical.com.ar\/notas\/var\/www\/html\/notas\/wp-content\/uploads\/2011\/12\/indigente-ahogado-Puerto-Madero-300x207.jpg 300w, https:\/\/www.elsindical.com.ar\/notas\/var\/www\/html\/notas\/wp-content\/uploads\/2011\/12\/indigente-ahogado-Puerto-Madero.jpg 413w\" sizes=\"auto, (max-width: 300px) 100vw, 300px\" \/><\/a>Un hombre de lanz\u00f3 al agua y muri\u00f3 ahogado. No pudieron reanimarlo.<\/p>\n<p style=\"text-align: justify;\">Puerto Madero vivi\u00f3 horas de tensi\u00f3n a metros de la <strong>Fragata Sarmiento<\/strong>. A plena luz del d\u00eda y entre medio de los turistas, un indigente se precipit\u00f3 a las aguas del dique y<strong> muri\u00f3 ahogado<\/strong>.<\/p>\n<p style=\"text-align: justify;\">Hasta ahora se desconoce la identidad de la v\u00edctima y por qu\u00e9 motivo se tir\u00f3 al agua.<\/p>\n<p style=\"text-align: justify;\">El hecho ocurri\u00f3 sobre las 18:30 hs., cuando un grupo de turistas observ\u00f3 que una persona se lanz\u00f3 al dique y que ten\u00eda dificultades para nadar. Un ciudadano chileno se tir\u00f3 para rescatarlo y lo sac\u00f3 del agua con la colaboraci\u00f3n de Prefectura Naval. Pero, seg\u00fan dijeron, ya no presentaba signos vitales.<\/p>\n<p style=\"text-align: justify;\">Un lancha de Prefectura lo traslad\u00f3 a la enfermer\u00eda del Dique 4 y all\u00ed intentaron reanimarlo sin \u00e9xito. Otro turista coment\u00f3 lo \u00faltimo que dijo el indigente era que \u00abqueria cruzar al otro lado del dique\u00bb.<\/p>\n","protected":false},"excerpt":{"rendered":"<p>Un hombre de lanz\u00f3 al agua y muri\u00f3 ahogado. No pudieron reanimarlo. Puerto Madero vivi\u00f3 horas de tensi\u00f3n a metros de la Fragata Sarmiento. A plena luz del d\u00eda y entre medio de los turistas, un indigente se precipit\u00f3 a las aguas del dique y muri\u00f3 ahogado. Hasta ahora se desconoce la identidad de la&hellip;<\/p>\n","protected":false},"author":1,"featured_media":0,"comment_status":"open","ping_status":"open","sticky":false,"template":"","format":"standard","meta":{"footnotes":""},"categories":[22],"tags":[9448,9446,2498,9447,1013,3499],"class_list":["post-19379","post","type-post","status-publish","format-standard","hentry","category-policiales","tag-ahogado","tag-dique-4","tag-indigente","tag-lancha","tag-prefectura","tag-puerto-madero"],"_links":{"self":[{"href":"https:\/\/www.elsindical.com.ar\/notas\/wp-json\/wp\/v2\/posts\/19379","targetHints":{"allow":["GET"]}}],"collection":[{"href":"https:\/\/www.elsindical.com.ar\/notas\/wp-json\/wp\/v2\/posts"}],"about":[{"href":"https:\/\/www.elsindical.com.ar\/notas\/wp-json\/wp\/v2\/types\/post"}],"author":[{"embeddable":true,"href":"https:\/\/www.elsindical.com.ar\/notas\/wp-json\/wp\/v2\/users\/1"}],"replies":[{"embeddable":true,"href":"https:\/\/www.elsindical.com.ar\/notas\/wp-json\/wp\/v2\/comments?post=19379"}],"version-history":[{"count":2,"href":"https:\/\/www.elsindical.com.ar\/notas\/wp-json\/wp\/v2\/posts\/19379\/revisions"}],"predecessor-version":[{"id":19382,"href":"https:\/\/www.elsindical.com.ar\/notas\/wp-json\/wp\/v2\/posts\/19379\/revisions\/19382"}],"wp:attachment":[{"href":"https:\/\/www.elsindical.com.ar\/notas\/wp-json\/wp\/v2\/media?parent=19379"}],"wp:term":[{"taxonomy":"category","embeddable":true,"href":"https:\/\/www.elsindical.com.ar\/notas\/wp-json\/wp\/v2\/categories?post=19379"},{"taxonomy":"post_tag","embeddable":true,"href":"https:\/\/www.elsindical.com.ar\/notas\/wp-json\/wp\/v2\/tags?post=19379"}],"curies":[{"name":"wp","href":"https:\/\/api.w.org\/{rel}","templated":true}]}}