{"id":19297,"date":"2011-12-06T14:16:29","date_gmt":"2011-12-06T17:16:29","guid":{"rendered":"http:\/\/www.elsindical.com.ar\/notas\/?p=19297"},"modified":"2011-12-06T18:28:31","modified_gmt":"2011-12-06T21:28:31","slug":"victoria-donda-la-diputada-mas-sexy-que-concentro-todas-las-miradas","status":"publish","type":"post","link":"https:\/\/www.elsindical.com.ar\/notas\/victoria-donda-la-diputada-mas-sexy-que-concentro-todas-las-miradas\/","title":{"rendered":"Victoria Donda, la diputada m\u00e1s sexy que concentr\u00f3 todas las miradas"},"content":{"rendered":"<p style=\"text-align: justify;\"><em><strong><a href=\"http:\/\/www.elsindical.com.ar\/notas\/var\/www\/html\/notas\/wp-content\/uploads\/2011\/12\/jura-de-Donda-21.jpg\"><img loading=\"lazy\" decoding=\"async\" class=\"alignleft size-medium wp-image-19312\" title=\"jura-de-Donda-2\" src=\"http:\/\/www.elsindical.com.ar\/notas\/var\/www\/html\/notas\/wp-content\/uploads\/2011\/12\/jura-de-Donda-21-300x205.jpg\" alt=\"\" width=\"300\" height=\"205\" srcset=\"https:\/\/www.elsindical.com.ar\/notas\/var\/www\/html\/notas\/wp-content\/uploads\/2011\/12\/jura-de-Donda-21-300x205.jpg 300w, https:\/\/www.elsindical.com.ar\/notas\/var\/www\/html\/notas\/wp-content\/uploads\/2011\/12\/jura-de-Donda-21.jpg 443w\" sizes=\"auto, (max-width: 300px) 100vw, 300px\" \/><\/a>Victoria Donda (FAP)<\/strong> fue\u00a0una vez\u00a0m\u00e1s\u00a0la legisladora que <strong>concentr\u00f3 todas las miradas con su llamativo vestido en el acto de jura de los nuevos integrantes en la C\u00e1mara de Diputados<\/strong>.<\/em><\/p>\n<p style=\"text-align: justify;\">M\u00e1s all\u00e1 de eso, la joven record\u00f3 a \u00ab<strong>Margarita Ver\u00f3n y los hombres y mujeres v\u00edctimas de la violencia institucional<\/strong>\u00ab.<\/p>\n<p style=\"text-align: justify;\">Otra de las perlitas de la ceremonia de asunci\u00f3n se produjo cuando la diputada de Uni\u00f3n por Todos (UPT)<strong> Patricia Bullrich<\/strong> jur\u00f3 en medio de una<strong> fuerte silbatina<\/strong> que parti\u00f3 desde los balcones de la C\u00e1mara baja.<\/p>\n<p style=\"text-align: justify;\">La dirigente, quien ingres\u00f3 a la C\u00e1mara por la Coalici\u00f3n C\u00edvicay ejercer\u00e1 el cargo por UPT, <strong>prest\u00f3 juramento junto a su par Federico Pinedo (PRO) y el viceministro de Econom\u00eda, Roberto Feletti.<\/strong><\/p>\n<p style=\"text-align: justify;\"><strong>Cuando se la mencion\u00f3, una silbatina parti\u00f3 desde distintos sectores, a lo que Bullrich respondi\u00f3 con un saludo.<\/strong><\/p>\n<p style=\"text-align: justify;\">En medio de la ceremonia, la diputada sanjuanina Margarita Ferr\u00e1 de Bartol (FPV) tuvo que pedir \u00abun poco de silencio\u00bb en el recinto para que el juramento de los nuevos legisladores \u00absea escuchado\u00bb, como consecuencia de las interrupciones provocadas por los c\u00e1nticos, ya sea hostiles o favorables, por parte de los grupos ubicados en los balcones.<\/p>\n<p style=\"text-align: justify;\">Ferr\u00e1 de Bartol formul\u00f3 un \u00abpedido de colaboraci\u00f3n\u00bb y dijo que hay que \u00abtener en cuenta que quienes llegan al momento del juramento\u00bb solicitaron que \u00absu juramento sea escuchado\u00bb.<\/p>\n<p style=\"text-align: justify;\">Por lo tanto, reclam\u00f3 \u00abguardar un poco de silencio para acompa\u00f1ar a los diputados que van a jurar\u00bb durante la ceremonia en el Congreso.<\/p>\n<p style=\"text-align: justify;\">Otro de los episodios llamativos fue el que protagoniz\u00f3 la diputada por el PRO, Cornelia Schmidt-Liermann, quien al momento de asumir grit\u00f3 \u00abs\u00ed juro\u00bb e inmediatamente sali\u00f3 corriendo a su banca, situaci\u00f3n que desconcert\u00f3 a muchos de los presentes.<\/p>\n<p style=\"text-align: justify;\">Los militantes de la agrupaci\u00f3nde la juventud kirchnerista La C\u00e1mpora\u00a0 fueron los m\u00e1s ruidosos a la hora de celebrar desde los balcones de la C\u00e1mara baja la jura de varios diputados oficialistas, especialmente los que surgieron de dicho grupo.<\/p>\n<p style=\"text-align: justify;\">\u00ab<strong>Y ya lo ve, y la ve, copa el Congreso la JP<\/strong>\u00ab, fue uno de los c\u00e1nticos repetidos de los j\u00f3venes kirchneristas.<\/p>\n<p style=\"text-align: justify;\">Por los 30.000 desaparecidos, en memoria del ex presidente N\u00e9stor Kirchner y por la Presidente fueron los agregados que m\u00e1s emplearon los diputados durante la sesi\u00f3n especial de jura.<\/p>\n<p style=\"text-align: justify;\">Solitarias menciones cosecharon \u00ablas Islas Malvinas, que siempre ser\u00e1n argentinas\u00bb, por parte de los diputados de Tierra del Fuego, la villa tur\u00edstica de \u00abEl Calafate\u00bb, que mencion\u00f3 la diputada santacruce\u00f1a Ana Ianni, y \u00ablos 649 ca\u00eddos de las Malvinas\u00bb, que evoc\u00f3 el legislador Alberto Asseff.<\/p>\n<p style=\"text-align: justify;\">Por su parte, Facundo Moyano, hijo del l\u00edder de la CGT, Hugo Moyano, jur\u00f3 como nuevo diputado nacional \u00abpor el movimiento y la justicia social\u00bb.<\/p>\n","protected":false},"excerpt":{"rendered":"<p>Victoria Donda (FAP) fue\u00a0una vez\u00a0m\u00e1s\u00a0la legisladora que concentr\u00f3 todas las miradas con su llamativo vestido en el acto de jura de los nuevos integrantes en la C\u00e1mara de Diputados. M\u00e1s all\u00e1 de eso, la joven record\u00f3 a \u00abMargarita Ver\u00f3n y los hombres y mujeres v\u00edctimas de la violencia institucional\u00ab. Otra de las perlitas de la&hellip;<\/p>\n","protected":false},"author":1,"featured_media":0,"comment_status":"open","ping_status":"open","sticky":false,"template":"","format":"standard","meta":{"footnotes":""},"categories":[13],"tags":[7280,86,1377,9413,588,2004,4654],"class_list":["post-19297","post","type-post","status-publish","format-standard","hentry","category-politica","tag-asuncion","tag-congreso","tag-diputados","tag-jura","tag-legisladores","tag-sexy","tag-victoria-donda"],"_links":{"self":[{"href":"https:\/\/www.elsindical.com.ar\/notas\/wp-json\/wp\/v2\/posts\/19297","targetHints":{"allow":["GET"]}}],"collection":[{"href":"https:\/\/www.elsindical.com.ar\/notas\/wp-json\/wp\/v2\/posts"}],"about":[{"href":"https:\/\/www.elsindical.com.ar\/notas\/wp-json\/wp\/v2\/types\/post"}],"author":[{"embeddable":true,"href":"https:\/\/www.elsindical.com.ar\/notas\/wp-json\/wp\/v2\/users\/1"}],"replies":[{"embeddable":true,"href":"https:\/\/www.elsindical.com.ar\/notas\/wp-json\/wp\/v2\/comments?post=19297"}],"version-history":[{"count":2,"href":"https:\/\/www.elsindical.com.ar\/notas\/wp-json\/wp\/v2\/posts\/19297\/revisions"}],"predecessor-version":[{"id":19313,"href":"https:\/\/www.elsindical.com.ar\/notas\/wp-json\/wp\/v2\/posts\/19297\/revisions\/19313"}],"wp:attachment":[{"href":"https:\/\/www.elsindical.com.ar\/notas\/wp-json\/wp\/v2\/media?parent=19297"}],"wp:term":[{"taxonomy":"category","embeddable":true,"href":"https:\/\/www.elsindical.com.ar\/notas\/wp-json\/wp\/v2\/categories?post=19297"},{"taxonomy":"post_tag","embeddable":true,"href":"https:\/\/www.elsindical.com.ar\/notas\/wp-json\/wp\/v2\/tags?post=19297"}],"curies":[{"name":"wp","href":"https:\/\/api.w.org\/{rel}","templated":true}]}}